{"id":334,"date":"2007-07-01T00:00:01","date_gmt":"2007-07-01T00:00:01","guid":{"rendered":"https:\/\/proagrolab.com.ar\/importantes-autoridades-visitaron-proagro\/"},"modified":"2020-06-29T18:15:13","modified_gmt":"2020-06-29T18:15:13","slug":"importantes-autoridades-visitaron-proagro","status":"publish","type":"post","link":"https:\/\/proagrolab.com.ar\/en\/importantes-autoridades-visitaron-proagro\/","title":{"rendered":"Importantes autoridades visitaron Proagro."},"content":{"rendered":"<p class=\"qtranxs-available-languages-message qtranxs-available-languages-message-en\"> <\/p><p><P align=justify>En el mes de julio recibimos la visita de la Lic. Isabel Mac Donald, Subsecretaria de Ciencia, Tecnolog\u00eda e Innovaci\u00f3n del Ministerio de la Producci\u00f3n y el Ing. Esteban Robaina, Director Provincial de Ciencia y Tecnolog\u00eda.<BR>Ambos, recorrieron nuestra empresa conociendo desde las oficinas hasta los dos nuevos laboratorios adecuados a normas internacionales.<BR>Una vez terminada la recorrida, nuestro presidente, el Dr. Angel Tirelli, junto a su Se\u00f1ora Mar\u00eda Helena Largu\u00eda vicepresidenta y la Dra. Ana Mar\u00eda Del Colle, Gerente Administrativa, charlaron distendidamente con nuestros invitados sobre la gran inversi\u00f3n que afront\u00f3 la empresa, los avances tecnol\u00f3gicos incorporados y los pr\u00f3ximos proyectos a realizarse. As\u00ed tambi\u00e9n, la Lic. Mac Donald se prest\u00f3 a colaborar, mediante la Subsecretar\u00eda que ella conduce, con investigaciones que el laboratorio realice.<\/P><\/p>","protected":false},"excerpt":{"rendered":"<p>En el mes de julio recibimos la visita de la Lic. Isabel Mac Donald, Subsecretaria de Ciencia, Tecnolog\u00eda e Innovaci\u00f3n del Ministerio de la Producci\u00f3n y el Ing. Esteban Robaina, Director Provincial de Ciencia y Tecnolog\u00eda.Ambos, recorrieron nuestra empresa conociendo desde las oficinas hasta los dos nuevos laboratorios adecuados a normas internacionales.Una vez terminada la recorrida, nuestro presidente, el Dr. Angel Tirelli, junto a su Se\u00f1ora Mar\u00eda Helena Largu\u00eda vicepresidenta y la Dra. Ana Mar\u00eda Del Colle, Gerente Administrativa, charlaron distendidamente con nuestros invitados sobre la gran inversi\u00f3n que afront\u00f3 la empresa, los avances tecnol\u00f3gicos incorporados y los pr\u00f3ximos proyectos a realizarse. As\u00ed tambi\u00e9n, la Lic. Mac Donald se prest\u00f3 a colaborar, mediante la Subsecretar\u00eda que ella conduce, con investigaciones que el laboratorio realice.<\/p>\n","protected":false},"author":2,"featured_media":0,"comment_status":"closed","ping_status":"open","sticky":false,"template":"","format":"standard","meta":{"_acf_changed":false,"footnotes":""},"categories":[477],"tags":[],"class_list":["post-334","post","type-post","status-publish","format-standard","hentry","category-institucionales"],"acf":[],"yoast_head":"<!-- This site is optimized with the Yoast SEO plugin v27.5 - https:\/\/yoast.com\/product\/yoast-seo-wordpress\/ -->\n<title>Importantes autoridades visitaron Proagro. | Proagro<\/title>\n<meta name=\"robots\" content=\"index, follow, max-snippet:-1, max-image-preview:large, max-video-preview:-1\" \/>\n<link rel=\"canonical\" href=\"https:\/\/proagrolab.com.ar\/en\/importantes-autoridades-visitaron-proagro\/\" \/>\n<meta property=\"og:locale\" content=\"en_US\" \/>\n<meta property=\"og:type\" content=\"article\" \/>\n<meta property=\"og:title\" content=\"Importantes autoridades visitaron Proagro. | Proagro\" \/>\n<meta property=\"og:description\" content=\"En el mes de julio recibimos la visita de la Lic. Isabel Mac Donald, Subsecretaria de Ciencia, Tecnolog\u00eda e Innovaci\u00f3n del Ministerio de la Producci\u00f3n y el Ing. Esteban Robaina, Director Provincial de Ciencia y Tecnolog\u00eda.Ambos, recorrieron nuestra empresa conociendo desde las oficinas hasta los dos nuevos laboratorios adecuados a normas internacionales.Una vez terminada la recorrida, nuestro presidente, el Dr. Angel Tirelli, junto a su Se\u00f1ora Mar\u00eda Helena Largu\u00eda vicepresidenta y la Dra. Ana Mar\u00eda Del Colle, Gerente Administrativa, charlaron distendidamente con nuestros invitados sobre la gran inversi\u00f3n que afront\u00f3 la empresa, los avances tecnol\u00f3gicos incorporados y los pr\u00f3ximos proyectos a realizarse. As\u00ed tambi\u00e9n, la Lic. Mac Donald se prest\u00f3 a colaborar, mediante la Subsecretar\u00eda que ella conduce, con investigaciones que el laboratorio realice.\" \/>\n<meta property=\"og:url\" content=\"https:\/\/proagrolab.com.ar\/importantes-autoridades-visitaron-proagro\/\" \/>\n<meta property=\"og:site_name\" content=\"Proagro\" \/>\n<meta property=\"article:publisher\" content=\"http:\/\/www.facebook.com\/proagrolab\" \/>\n<meta property=\"article:published_time\" content=\"2007-07-01T00:00:01+00:00\" \/>\n<meta property=\"article:modified_time\" content=\"2020-06-29T18:15:13+00:00\" \/>\n<meta name=\"author\" content=\"proagrolab\" \/>\n<meta name=\"twitter:card\" content=\"summary_large_image\" \/>\n<meta name=\"twitter:label1\" content=\"Written by\" \/>\n\t<meta name=\"twitter:data1\" content=\"proagrolab\" \/>\n\t<meta name=\"twitter:label2\" content=\"Est. reading time\" \/>\n\t<meta name=\"twitter:data2\" content=\"1 minute\" \/>\n<script type=\"application\/ld+json\" class=\"yoast-schema-graph\">{\"@context\":\"https:\\\/\\\/schema.org\",\"@graph\":[{\"@type\":\"Article\",\"@id\":\"https:\\\/\\\/proagrolab.com.ar\\\/importantes-autoridades-visitaron-proagro\\\/#article\",\"isPartOf\":{\"@id\":\"https:\\\/\\\/proagrolab.com.ar\\\/importantes-autoridades-visitaron-proagro\\\/\"},\"author\":{\"name\":\"proagrolab\",\"@id\":\"https:\\\/\\\/proagrolab.com.ar\\\/#\\\/schema\\\/person\\\/38003ff90bf80381f71c7d922d207444\"},\"headline\":\"Importantes autoridades visitaron Proagro.\",\"datePublished\":\"2007-07-01T00:00:01+00:00\",\"dateModified\":\"2020-06-29T18:15:13+00:00\",\"mainEntityOfPage\":{\"@id\":\"https:\\\/\\\/proagrolab.com.ar\\\/importantes-autoridades-visitaron-proagro\\\/\"},\"wordCount\":143,\"publisher\":{\"@id\":\"https:\\\/\\\/proagrolab.com.ar\\\/#organization\"},\"articleSection\":[\"Institutions\"],\"inLanguage\":\"en-US\"},{\"@type\":\"WebPage\",\"@id\":\"https:\\\/\\\/proagrolab.com.ar\\\/importantes-autoridades-visitaron-proagro\\\/\",\"url\":\"https:\\\/\\\/proagrolab.com.ar\\\/importantes-autoridades-visitaron-proagro\\\/\",\"name\":\"Importantes autoridades visitaron Proagro. | Proagro\",\"isPartOf\":{\"@id\":\"https:\\\/\\\/proagrolab.com.ar\\\/#website\"},\"datePublished\":\"2007-07-01T00:00:01+00:00\",\"dateModified\":\"2020-06-29T18:15:13+00:00\",\"breadcrumb\":{\"@id\":\"https:\\\/\\\/proagrolab.com.ar\\\/importantes-autoridades-visitaron-proagro\\\/#breadcrumb\"},\"inLanguage\":\"en-US\",\"potentialAction\":[{\"@type\":\"ReadAction\",\"target\":[\"https:\\\/\\\/proagrolab.com.ar\\\/importantes-autoridades-visitaron-proagro\\\/\"]}]},{\"@type\":\"BreadcrumbList\",\"@id\":\"https:\\\/\\\/proagrolab.com.ar\\\/importantes-autoridades-visitaron-proagro\\\/#breadcrumb\",\"itemListElement\":[{\"@type\":\"ListItem\",\"position\":1,\"name\":\"Portada\",\"item\":\"https:\\\/\\\/proagrolab.com.ar\\\/\"},{\"@type\":\"ListItem\",\"position\":2,\"name\":\"Importantes autoridades visitaron Proagro.\"}]},{\"@type\":\"WebSite\",\"@id\":\"https:\\\/\\\/proagrolab.com.ar\\\/#website\",\"url\":\"https:\\\/\\\/proagrolab.com.ar\\\/\",\"name\":\"Proagro Laboratorio Veterinario\",\"description\":\"Veterinary laboratory\",\"publisher\":{\"@id\":\"https:\\\/\\\/proagrolab.com.ar\\\/#organization\"},\"potentialAction\":[{\"@type\":\"SearchAction\",\"target\":{\"@type\":\"EntryPoint\",\"urlTemplate\":\"https:\\\/\\\/proagrolab.com.ar\\\/?s={search_term_string}\"},\"query-input\":{\"@type\":\"PropertyValueSpecification\",\"valueRequired\":true,\"valueName\":\"search_term_string\"}}],\"inLanguage\":\"en-US\"},{\"@type\":\"Organization\",\"@id\":\"https:\\\/\\\/proagrolab.com.ar\\\/#organization\",\"name\":\"Proagro\",\"url\":\"https:\\\/\\\/proagrolab.com.ar\\\/\",\"logo\":{\"@type\":\"ImageObject\",\"inLanguage\":\"en-US\",\"@id\":\"https:\\\/\\\/proagrolab.com.ar\\\/#\\\/schema\\\/logo\\\/image\\\/\",\"url\":\"https:\\\/\\\/proagrolab.com.ar\\\/wp-content\\\/uploads\\\/2020\\\/04\\\/logo-retina.png\",\"contentUrl\":\"https:\\\/\\\/proagrolab.com.ar\\\/wp-content\\\/uploads\\\/2020\\\/04\\\/logo-retina.png\",\"width\":478,\"height\":120,\"caption\":\"Proagro\"},\"image\":{\"@id\":\"https:\\\/\\\/proagrolab.com.ar\\\/#\\\/schema\\\/logo\\\/image\\\/\"},\"sameAs\":[\"http:\\\/\\\/www.facebook.com\\\/proagrolab\",\"https:\\\/\\\/www.instagram.com\\\/proagrolab\\\/\",\"https:\\\/\\\/www.linkedin.com\\\/company\\\/laboratorio-proagro-s-a\\\/\"]},{\"@type\":\"Person\",\"@id\":\"https:\\\/\\\/proagrolab.com.ar\\\/#\\\/schema\\\/person\\\/38003ff90bf80381f71c7d922d207444\",\"name\":\"proagrolab\"}]}<\/script>\n<!-- \/ Yoast SEO plugin. -->","yoast_head_json":{"title":"Importantes autoridades visitaron Proagro. | Proagro","robots":{"index":"index","follow":"follow","max-snippet":"max-snippet:-1","max-image-preview":"max-image-preview:large","max-video-preview":"max-video-preview:-1"},"canonical":"https:\/\/proagrolab.com.ar\/en\/importantes-autoridades-visitaron-proagro\/","og_locale":"en_US","og_type":"article","og_title":"Importantes autoridades visitaron Proagro. | Proagro","og_description":"En el mes de julio recibimos la visita de la Lic. Isabel Mac Donald, Subsecretaria de Ciencia, Tecnolog\u00eda e Innovaci\u00f3n del Ministerio de la Producci\u00f3n y el Ing. Esteban Robaina, Director Provincial de Ciencia y Tecnolog\u00eda.Ambos, recorrieron nuestra empresa conociendo desde las oficinas hasta los dos nuevos laboratorios adecuados a normas internacionales.Una vez terminada la recorrida, nuestro presidente, el Dr. Angel Tirelli, junto a su Se\u00f1ora Mar\u00eda Helena Largu\u00eda vicepresidenta y la Dra. Ana Mar\u00eda Del Colle, Gerente Administrativa, charlaron distendidamente con nuestros invitados sobre la gran inversi\u00f3n que afront\u00f3 la empresa, los avances tecnol\u00f3gicos incorporados y los pr\u00f3ximos proyectos a realizarse. As\u00ed tambi\u00e9n, la Lic. Mac Donald se prest\u00f3 a colaborar, mediante la Subsecretar\u00eda que ella conduce, con investigaciones que el laboratorio realice.","og_url":"https:\/\/proagrolab.com.ar\/importantes-autoridades-visitaron-proagro\/","og_site_name":"Proagro","article_publisher":"http:\/\/www.facebook.com\/proagrolab","article_published_time":"2007-07-01T00:00:01+00:00","article_modified_time":"2020-06-29T18:15:13+00:00","author":"proagrolab","twitter_card":"summary_large_image","twitter_misc":{"Written by":"proagrolab","Est. reading time":"1 minute"},"schema":{"@context":"https:\/\/schema.org","@graph":[{"@type":"Article","@id":"https:\/\/proagrolab.com.ar\/importantes-autoridades-visitaron-proagro\/#article","isPartOf":{"@id":"https:\/\/proagrolab.com.ar\/importantes-autoridades-visitaron-proagro\/"},"author":{"name":"proagrolab","@id":"https:\/\/proagrolab.com.ar\/#\/schema\/person\/38003ff90bf80381f71c7d922d207444"},"headline":"Importantes autoridades visitaron Proagro.","datePublished":"2007-07-01T00:00:01+00:00","dateModified":"2020-06-29T18:15:13+00:00","mainEntityOfPage":{"@id":"https:\/\/proagrolab.com.ar\/importantes-autoridades-visitaron-proagro\/"},"wordCount":143,"publisher":{"@id":"https:\/\/proagrolab.com.ar\/#organization"},"articleSection":["Institutions"],"inLanguage":"en-US"},{"@type":"WebPage","@id":"https:\/\/proagrolab.com.ar\/importantes-autoridades-visitaron-proagro\/","url":"https:\/\/proagrolab.com.ar\/importantes-autoridades-visitaron-proagro\/","name":"Importantes autoridades visitaron Proagro. | Proagro","isPartOf":{"@id":"https:\/\/proagrolab.com.ar\/#website"},"datePublished":"2007-07-01T00:00:01+00:00","dateModified":"2020-06-29T18:15:13+00:00","breadcrumb":{"@id":"https:\/\/proagrolab.com.ar\/importantes-autoridades-visitaron-proagro\/#breadcrumb"},"inLanguage":"en-US","potentialAction":[{"@type":"ReadAction","target":["https:\/\/proagrolab.com.ar\/importantes-autoridades-visitaron-proagro\/"]}]},{"@type":"BreadcrumbList","@id":"https:\/\/proagrolab.com.ar\/importantes-autoridades-visitaron-proagro\/#breadcrumb","itemListElement":[{"@type":"ListItem","position":1,"name":"Portada","item":"https:\/\/proagrolab.com.ar\/"},{"@type":"ListItem","position":2,"name":"Importantes autoridades visitaron Proagro."}]},{"@type":"WebSite","@id":"https:\/\/proagrolab.com.ar\/#website","url":"https:\/\/proagrolab.com.ar\/","name":"Proagro Laboratorio Veterinario","description":"Veterinary laboratory","publisher":{"@id":"https:\/\/proagrolab.com.ar\/#organization"},"potentialAction":[{"@type":"SearchAction","target":{"@type":"EntryPoint","urlTemplate":"https:\/\/proagrolab.com.ar\/?s={search_term_string}"},"query-input":{"@type":"PropertyValueSpecification","valueRequired":true,"valueName":"search_term_string"}}],"inLanguage":"en-US"},{"@type":"Organization","@id":"https:\/\/proagrolab.com.ar\/#organization","name":"Proagro","url":"https:\/\/proagrolab.com.ar\/","logo":{"@type":"ImageObject","inLanguage":"en-US","@id":"https:\/\/proagrolab.com.ar\/#\/schema\/logo\/image\/","url":"https:\/\/proagrolab.com.ar\/wp-content\/uploads\/2020\/04\/logo-retina.png","contentUrl":"https:\/\/proagrolab.com.ar\/wp-content\/uploads\/2020\/04\/logo-retina.png","width":478,"height":120,"caption":"Proagro"},"image":{"@id":"https:\/\/proagrolab.com.ar\/#\/schema\/logo\/image\/"},"sameAs":["http:\/\/www.facebook.com\/proagrolab","https:\/\/www.instagram.com\/proagrolab\/","https:\/\/www.linkedin.com\/company\/laboratorio-proagro-s-a\/"]},{"@type":"Person","@id":"https:\/\/proagrolab.com.ar\/#\/schema\/person\/38003ff90bf80381f71c7d922d207444","name":"proagrolab"}]}},"_links":{"self":[{"href":"https:\/\/proagrolab.com.ar\/en\/wp-json\/wp\/v2\/posts\/334","targetHints":{"allow":["GET"]}}],"collection":[{"href":"https:\/\/proagrolab.com.ar\/en\/wp-json\/wp\/v2\/posts"}],"about":[{"href":"https:\/\/proagrolab.com.ar\/en\/wp-json\/wp\/v2\/types\/post"}],"author":[{"embeddable":true,"href":"https:\/\/proagrolab.com.ar\/en\/wp-json\/wp\/v2\/users\/2"}],"replies":[{"embeddable":true,"href":"https:\/\/proagrolab.com.ar\/en\/wp-json\/wp\/v2\/comments?post=334"}],"version-history":[{"count":1,"href":"https:\/\/proagrolab.com.ar\/en\/wp-json\/wp\/v2\/posts\/334\/revisions"}],"predecessor-version":[{"id":13760,"href":"https:\/\/proagrolab.com.ar\/en\/wp-json\/wp\/v2\/posts\/334\/revisions\/13760"}],"wp:attachment":[{"href":"https:\/\/proagrolab.com.ar\/en\/wp-json\/wp\/v2\/media?parent=334"}],"wp:term":[{"taxonomy":"category","embeddable":true,"href":"https:\/\/proagrolab.com.ar\/en\/wp-json\/wp\/v2\/categories?post=334"},{"taxonomy":"post_tag","embeddable":true,"href":"https:\/\/proagrolab.com.ar\/en\/wp-json\/wp\/v2\/tags?post=334"}],"curies":[{"name":"wp","href":"https:\/\/api.w.org\/{rel}","templated":true}]}}