{"id":322,"date":"2006-12-01T00:00:01","date_gmt":"2006-12-01T00:00:01","guid":{"rendered":"https:\/\/proagrolab.com.ar\/visita-de-veterinarios-a-proagro\/"},"modified":"2020-06-29T18:19:03","modified_gmt":"2020-06-29T18:19:03","slug":"visita-de-veterinarios-a-proagro","status":"publish","type":"post","link":"https:\/\/proagrolab.com.ar\/en\/visita-de-veterinarios-a-proagro\/","title":{"rendered":"Visita de Veterinarios a Proagro."},"content":{"rendered":"<p class=\"qtranxs-available-languages-message qtranxs-available-languages-message-en\"> <\/p><p><\/p>\n<div style=\"text-align: justify;\">El pasado viernes 1ro de diciembre, recibimos la visita de un grupo de veterinarios invitados por nosotros, que recorrieron y observaron nuestros nuevos laboratorios y vieron como es el proceso de elaboraci\u00f3n de cada uno de nuestros productos.<br \/>Tambi\u00e9n disfrutaron de un lunch y por la noche compartimos una cena en una parrilla de la ciudad de Rosario.<\/p>\n<p>La experiencia fue todo un \u00e9xito y pronto repetiremos estas visitas entre los veterinarios que son visitados por nuestros vendedores y\/o aquellos que lo deseen por alg\u00fan inter\u00e9s particular.<\/p>\n<p>Estos son los veterinarios que estuvieron presentes:<br \/>Dr. Dar\u00edo Nescier (Tacural, Santa Fe), Dr. Jorge Racca (Santa Fe), Dr. Diego Sorcinelli (Humberto Primo, Santa Fe), Dr. Daniel Benedetti (Marco Ju\u00e1rez, C\u00f3rdoba), Dr. Roberto Zampieri (Macia, Entre R\u00edos), Dr. Esteban Queirolo (San Carlos Centro, Santa Fe), Dr. Marcelo Elena (Dean Funes, Santa Fe), Dr. Pablo Viscido (Trancas, Tucum\u00e1n), Dr. Horacio Barrancos (J. B. Alberdi, Tucum\u00e1n), Dr. Eduardo Tuma (D\u00edaz, Santa Fe), Dr. Pedro Mart\u00ednez (San Pedro, Salta), Dr. Juan Ventura (Sargento Cabral, Santa Fe), Dr. Rodolfo Sperati (Ascensi\u00f3n, Buenos Aires), Dr. Cristian Ferrari (Presidencia de la Plaza, Chaco), Dr. Luis Quibrencky y Dr. Si\u00f1uka (San Vicente, Misiones), Dr. Ariel Donet (Franck, Santa Fe).<\/div>\n<p><\/p>","protected":false},"excerpt":{"rendered":"<p>El pasado viernes 1ro de diciembre, recibimos la visita de un grupo de veterinarios invitados por nosotros, que recorrieron y observaron nuestros nuevos laboratorios y vieron como es el proceso de elaboraci\u00f3n de cada uno de nuestros productos.Tambi\u00e9n disfrutaron de un lunch y por la noche compartimos una cena en una parrilla de la ciudad de Rosario. La experiencia fue todo un \u00e9xito y pronto repetiremos estas visitas entre los veterinarios que son visitados por nuestros vendedores y\/o aquellos que lo deseen por alg\u00fan inter\u00e9s particular. Estos son los veterinarios que estuvieron presentes:Dr. Dar\u00edo Nescier (Tacural, Santa Fe), Dr. Jorge Racca (Santa Fe), Dr. Diego Sorcinelli (Humberto Primo, Santa Fe), Dr. Daniel Benedetti (Marco Ju\u00e1rez, C\u00f3rdoba), Dr. Roberto Zampieri (Macia, Entre R\u00edos), Dr. Esteban Queirolo (San Carlos Centro, Santa Fe), Dr. Marcelo Elena (Dean Funes, Santa Fe), Dr. Pablo Viscido (Trancas, Tucum\u00e1n), Dr. Horacio Barrancos (J. B. Alberdi, Tucum\u00e1n), Dr. Eduardo Tuma (D\u00edaz, Santa Fe), Dr. Pedro Mart\u00ednez (San Pedro, Salta), Dr. Juan Ventura (Sargento Cabral, Santa Fe), Dr. Rodolfo Sperati (Ascensi\u00f3n, Buenos Aires), Dr. Cristian Ferrari (Presidencia de la Plaza, Chaco), Dr. Luis Quibrencky y Dr. Si\u00f1uka (San Vicente, Misiones), Dr. Ariel Donet (Franck, Santa Fe).<\/p>\n","protected":false},"author":2,"featured_media":169,"comment_status":"closed","ping_status":"open","sticky":false,"template":"","format":"standard","meta":{"_acf_changed":false,"footnotes":""},"categories":[477],"tags":[],"class_list":["post-322","post","type-post","status-publish","format-standard","has-post-thumbnail","hentry","category-institucionales"],"acf":[],"yoast_head":"<!-- This site is optimized with the Yoast SEO plugin v27.5 - https:\/\/yoast.com\/product\/yoast-seo-wordpress\/ -->\n<title>Visita de Veterinarios a Proagro. | Proagro<\/title>\n<meta name=\"robots\" content=\"index, follow, max-snippet:-1, max-image-preview:large, max-video-preview:-1\" \/>\n<link rel=\"canonical\" href=\"https:\/\/proagrolab.com.ar\/en\/visita-de-veterinarios-a-proagro\/\" \/>\n<meta property=\"og:locale\" content=\"en_US\" \/>\n<meta property=\"og:type\" content=\"article\" \/>\n<meta property=\"og:title\" content=\"Visita de Veterinarios a Proagro. | Proagro\" \/>\n<meta property=\"og:description\" content=\"El pasado viernes 1ro de diciembre, recibimos la visita de un grupo de veterinarios invitados por nosotros, que recorrieron y observaron nuestros nuevos laboratorios y vieron como es el proceso de elaboraci\u00f3n de cada uno de nuestros productos.Tambi\u00e9n disfrutaron de un lunch y por la noche compartimos una cena en una parrilla de la ciudad de Rosario. La experiencia fue todo un \u00e9xito y pronto repetiremos estas visitas entre los veterinarios que son visitados por nuestros vendedores y\/o aquellos que lo deseen por alg\u00fan inter\u00e9s particular. Estos son los veterinarios que estuvieron presentes:Dr. Dar\u00edo Nescier (Tacural, Santa Fe), Dr. Jorge Racca (Santa Fe), Dr. Diego Sorcinelli (Humberto Primo, Santa Fe), Dr. Daniel Benedetti (Marco Ju\u00e1rez, C\u00f3rdoba), Dr. Roberto Zampieri (Macia, Entre R\u00edos), Dr. Esteban Queirolo (San Carlos Centro, Santa Fe), Dr. Marcelo Elena (Dean Funes, Santa Fe), Dr. Pablo Viscido (Trancas, Tucum\u00e1n), Dr. Horacio Barrancos (J. B. Alberdi, Tucum\u00e1n), Dr. Eduardo Tuma (D\u00edaz, Santa Fe), Dr. Pedro Mart\u00ednez (San Pedro, Salta), Dr. Juan Ventura (Sargento Cabral, Santa Fe), Dr. Rodolfo Sperati (Ascensi\u00f3n, Buenos Aires), Dr. Cristian Ferrari (Presidencia de la Plaza, Chaco), Dr. Luis Quibrencky y Dr. Si\u00f1uka (San Vicente, Misiones), Dr. Ariel Donet (Franck, Santa Fe).\" \/>\n<meta property=\"og:url\" content=\"https:\/\/proagrolab.com.ar\/visita-de-veterinarios-a-proagro\/\" \/>\n<meta property=\"og:site_name\" content=\"Proagro\" \/>\n<meta property=\"article:publisher\" content=\"http:\/\/www.facebook.com\/proagrolab\" \/>\n<meta property=\"article:published_time\" content=\"2006-12-01T00:00:01+00:00\" \/>\n<meta property=\"article:modified_time\" content=\"2020-06-29T18:19:03+00:00\" \/>\n<meta property=\"og:image\" content=\"https:\/\/proagrolab.com.ar\/wp-content\/uploads\/2015\/01\/g_35y2mwcoo__es_2.jpg\" \/>\n\t<meta property=\"og:image:width\" content=\"450\" \/>\n\t<meta property=\"og:image:height\" content=\"208\" \/>\n\t<meta property=\"og:image:type\" content=\"image\/jpeg\" \/>\n<meta name=\"author\" content=\"proagrolab\" \/>\n<meta name=\"twitter:card\" content=\"summary_large_image\" \/>\n<meta name=\"twitter:label1\" content=\"Written by\" \/>\n\t<meta name=\"twitter:data1\" content=\"proagrolab\" \/>\n\t<meta name=\"twitter:label2\" content=\"Est. reading time\" \/>\n\t<meta name=\"twitter:data2\" content=\"1 minute\" \/>\n<script type=\"application\/ld+json\" class=\"yoast-schema-graph\">{\"@context\":\"https:\\\/\\\/schema.org\",\"@graph\":[{\"@type\":\"Article\",\"@id\":\"https:\\\/\\\/proagrolab.com.ar\\\/visita-de-veterinarios-a-proagro\\\/#article\",\"isPartOf\":{\"@id\":\"https:\\\/\\\/proagrolab.com.ar\\\/visita-de-veterinarios-a-proagro\\\/\"},\"author\":{\"name\":\"proagrolab\",\"@id\":\"https:\\\/\\\/proagrolab.com.ar\\\/#\\\/schema\\\/person\\\/38003ff90bf80381f71c7d922d207444\"},\"headline\":\"Visita de Veterinarios a Proagro.\",\"datePublished\":\"2006-12-01T00:00:01+00:00\",\"dateModified\":\"2020-06-29T18:19:03+00:00\",\"mainEntityOfPage\":{\"@id\":\"https:\\\/\\\/proagrolab.com.ar\\\/visita-de-veterinarios-a-proagro\\\/\"},\"wordCount\":219,\"publisher\":{\"@id\":\"https:\\\/\\\/proagrolab.com.ar\\\/#organization\"},\"image\":{\"@id\":\"https:\\\/\\\/proagrolab.com.ar\\\/visita-de-veterinarios-a-proagro\\\/#primaryimage\"},\"thumbnailUrl\":\"https:\\\/\\\/proagrolab.com.ar\\\/wp-content\\\/uploads\\\/2015\\\/01\\\/g_35y2mwcoo__es_2.jpg\",\"articleSection\":[\"Institutions\"],\"inLanguage\":\"en-US\"},{\"@type\":\"WebPage\",\"@id\":\"https:\\\/\\\/proagrolab.com.ar\\\/visita-de-veterinarios-a-proagro\\\/\",\"url\":\"https:\\\/\\\/proagrolab.com.ar\\\/visita-de-veterinarios-a-proagro\\\/\",\"name\":\"Visita de Veterinarios a Proagro. | Proagro\",\"isPartOf\":{\"@id\":\"https:\\\/\\\/proagrolab.com.ar\\\/#website\"},\"primaryImageOfPage\":{\"@id\":\"https:\\\/\\\/proagrolab.com.ar\\\/visita-de-veterinarios-a-proagro\\\/#primaryimage\"},\"image\":{\"@id\":\"https:\\\/\\\/proagrolab.com.ar\\\/visita-de-veterinarios-a-proagro\\\/#primaryimage\"},\"thumbnailUrl\":\"https:\\\/\\\/proagrolab.com.ar\\\/wp-content\\\/uploads\\\/2015\\\/01\\\/g_35y2mwcoo__es_2.jpg\",\"datePublished\":\"2006-12-01T00:00:01+00:00\",\"dateModified\":\"2020-06-29T18:19:03+00:00\",\"breadcrumb\":{\"@id\":\"https:\\\/\\\/proagrolab.com.ar\\\/visita-de-veterinarios-a-proagro\\\/#breadcrumb\"},\"inLanguage\":\"en-US\",\"potentialAction\":[{\"@type\":\"ReadAction\",\"target\":[\"https:\\\/\\\/proagrolab.com.ar\\\/visita-de-veterinarios-a-proagro\\\/\"]}]},{\"@type\":\"ImageObject\",\"inLanguage\":\"en-US\",\"@id\":\"https:\\\/\\\/proagrolab.com.ar\\\/visita-de-veterinarios-a-proagro\\\/#primaryimage\",\"url\":\"https:\\\/\\\/proagrolab.com.ar\\\/wp-content\\\/uploads\\\/2015\\\/01\\\/g_35y2mwcoo__es_2.jpg\",\"contentUrl\":\"https:\\\/\\\/proagrolab.com.ar\\\/wp-content\\\/uploads\\\/2015\\\/01\\\/g_35y2mwcoo__es_2.jpg\",\"width\":450,\"height\":208},{\"@type\":\"BreadcrumbList\",\"@id\":\"https:\\\/\\\/proagrolab.com.ar\\\/visita-de-veterinarios-a-proagro\\\/#breadcrumb\",\"itemListElement\":[{\"@type\":\"ListItem\",\"position\":1,\"name\":\"Portada\",\"item\":\"https:\\\/\\\/proagrolab.com.ar\\\/\"},{\"@type\":\"ListItem\",\"position\":2,\"name\":\"Visita de Veterinarios a Proagro.\"}]},{\"@type\":\"WebSite\",\"@id\":\"https:\\\/\\\/proagrolab.com.ar\\\/#website\",\"url\":\"https:\\\/\\\/proagrolab.com.ar\\\/\",\"name\":\"Proagro Laboratorio Veterinario\",\"description\":\"Veterinary laboratory\",\"publisher\":{\"@id\":\"https:\\\/\\\/proagrolab.com.ar\\\/#organization\"},\"potentialAction\":[{\"@type\":\"SearchAction\",\"target\":{\"@type\":\"EntryPoint\",\"urlTemplate\":\"https:\\\/\\\/proagrolab.com.ar\\\/?s={search_term_string}\"},\"query-input\":{\"@type\":\"PropertyValueSpecification\",\"valueRequired\":true,\"valueName\":\"search_term_string\"}}],\"inLanguage\":\"en-US\"},{\"@type\":\"Organization\",\"@id\":\"https:\\\/\\\/proagrolab.com.ar\\\/#organization\",\"name\":\"Proagro\",\"url\":\"https:\\\/\\\/proagrolab.com.ar\\\/\",\"logo\":{\"@type\":\"ImageObject\",\"inLanguage\":\"en-US\",\"@id\":\"https:\\\/\\\/proagrolab.com.ar\\\/#\\\/schema\\\/logo\\\/image\\\/\",\"url\":\"https:\\\/\\\/proagrolab.com.ar\\\/wp-content\\\/uploads\\\/2020\\\/04\\\/logo-retina.png\",\"contentUrl\":\"https:\\\/\\\/proagrolab.com.ar\\\/wp-content\\\/uploads\\\/2020\\\/04\\\/logo-retina.png\",\"width\":478,\"height\":120,\"caption\":\"Proagro\"},\"image\":{\"@id\":\"https:\\\/\\\/proagrolab.com.ar\\\/#\\\/schema\\\/logo\\\/image\\\/\"},\"sameAs\":[\"http:\\\/\\\/www.facebook.com\\\/proagrolab\",\"https:\\\/\\\/www.instagram.com\\\/proagrolab\\\/\",\"https:\\\/\\\/www.linkedin.com\\\/company\\\/laboratorio-proagro-s-a\\\/\"]},{\"@type\":\"Person\",\"@id\":\"https:\\\/\\\/proagrolab.com.ar\\\/#\\\/schema\\\/person\\\/38003ff90bf80381f71c7d922d207444\",\"name\":\"proagrolab\"}]}<\/script>\n<!-- \/ Yoast SEO plugin. -->","yoast_head_json":{"title":"Visita de Veterinarios a Proagro. | Proagro","robots":{"index":"index","follow":"follow","max-snippet":"max-snippet:-1","max-image-preview":"max-image-preview:large","max-video-preview":"max-video-preview:-1"},"canonical":"https:\/\/proagrolab.com.ar\/en\/visita-de-veterinarios-a-proagro\/","og_locale":"en_US","og_type":"article","og_title":"Visita de Veterinarios a Proagro. | Proagro","og_description":"El pasado viernes 1ro de diciembre, recibimos la visita de un grupo de veterinarios invitados por nosotros, que recorrieron y observaron nuestros nuevos laboratorios y vieron como es el proceso de elaboraci\u00f3n de cada uno de nuestros productos.Tambi\u00e9n disfrutaron de un lunch y por la noche compartimos una cena en una parrilla de la ciudad de Rosario. La experiencia fue todo un \u00e9xito y pronto repetiremos estas visitas entre los veterinarios que son visitados por nuestros vendedores y\/o aquellos que lo deseen por alg\u00fan inter\u00e9s particular. Estos son los veterinarios que estuvieron presentes:Dr. Dar\u00edo Nescier (Tacural, Santa Fe), Dr. Jorge Racca (Santa Fe), Dr. Diego Sorcinelli (Humberto Primo, Santa Fe), Dr. Daniel Benedetti (Marco Ju\u00e1rez, C\u00f3rdoba), Dr. Roberto Zampieri (Macia, Entre R\u00edos), Dr. Esteban Queirolo (San Carlos Centro, Santa Fe), Dr. Marcelo Elena (Dean Funes, Santa Fe), Dr. Pablo Viscido (Trancas, Tucum\u00e1n), Dr. Horacio Barrancos (J. B. Alberdi, Tucum\u00e1n), Dr. Eduardo Tuma (D\u00edaz, Santa Fe), Dr. Pedro Mart\u00ednez (San Pedro, Salta), Dr. Juan Ventura (Sargento Cabral, Santa Fe), Dr. Rodolfo Sperati (Ascensi\u00f3n, Buenos Aires), Dr. Cristian Ferrari (Presidencia de la Plaza, Chaco), Dr. Luis Quibrencky y Dr. Si\u00f1uka (San Vicente, Misiones), Dr. Ariel Donet (Franck, Santa Fe).","og_url":"https:\/\/proagrolab.com.ar\/visita-de-veterinarios-a-proagro\/","og_site_name":"Proagro","article_publisher":"http:\/\/www.facebook.com\/proagrolab","article_published_time":"2006-12-01T00:00:01+00:00","article_modified_time":"2020-06-29T18:19:03+00:00","og_image":[{"width":450,"height":208,"url":"https:\/\/proagrolab.com.ar\/wp-content\/uploads\/2015\/01\/g_35y2mwcoo__es_2.jpg","type":"image\/jpeg"}],"author":"proagrolab","twitter_card":"summary_large_image","twitter_misc":{"Written by":"proagrolab","Est. reading time":"1 minute"},"schema":{"@context":"https:\/\/schema.org","@graph":[{"@type":"Article","@id":"https:\/\/proagrolab.com.ar\/visita-de-veterinarios-a-proagro\/#article","isPartOf":{"@id":"https:\/\/proagrolab.com.ar\/visita-de-veterinarios-a-proagro\/"},"author":{"name":"proagrolab","@id":"https:\/\/proagrolab.com.ar\/#\/schema\/person\/38003ff90bf80381f71c7d922d207444"},"headline":"Visita de Veterinarios a Proagro.","datePublished":"2006-12-01T00:00:01+00:00","dateModified":"2020-06-29T18:19:03+00:00","mainEntityOfPage":{"@id":"https:\/\/proagrolab.com.ar\/visita-de-veterinarios-a-proagro\/"},"wordCount":219,"publisher":{"@id":"https:\/\/proagrolab.com.ar\/#organization"},"image":{"@id":"https:\/\/proagrolab.com.ar\/visita-de-veterinarios-a-proagro\/#primaryimage"},"thumbnailUrl":"https:\/\/proagrolab.com.ar\/wp-content\/uploads\/2015\/01\/g_35y2mwcoo__es_2.jpg","articleSection":["Institutions"],"inLanguage":"en-US"},{"@type":"WebPage","@id":"https:\/\/proagrolab.com.ar\/visita-de-veterinarios-a-proagro\/","url":"https:\/\/proagrolab.com.ar\/visita-de-veterinarios-a-proagro\/","name":"Visita de Veterinarios a Proagro. | Proagro","isPartOf":{"@id":"https:\/\/proagrolab.com.ar\/#website"},"primaryImageOfPage":{"@id":"https:\/\/proagrolab.com.ar\/visita-de-veterinarios-a-proagro\/#primaryimage"},"image":{"@id":"https:\/\/proagrolab.com.ar\/visita-de-veterinarios-a-proagro\/#primaryimage"},"thumbnailUrl":"https:\/\/proagrolab.com.ar\/wp-content\/uploads\/2015\/01\/g_35y2mwcoo__es_2.jpg","datePublished":"2006-12-01T00:00:01+00:00","dateModified":"2020-06-29T18:19:03+00:00","breadcrumb":{"@id":"https:\/\/proagrolab.com.ar\/visita-de-veterinarios-a-proagro\/#breadcrumb"},"inLanguage":"en-US","potentialAction":[{"@type":"ReadAction","target":["https:\/\/proagrolab.com.ar\/visita-de-veterinarios-a-proagro\/"]}]},{"@type":"ImageObject","inLanguage":"en-US","@id":"https:\/\/proagrolab.com.ar\/visita-de-veterinarios-a-proagro\/#primaryimage","url":"https:\/\/proagrolab.com.ar\/wp-content\/uploads\/2015\/01\/g_35y2mwcoo__es_2.jpg","contentUrl":"https:\/\/proagrolab.com.ar\/wp-content\/uploads\/2015\/01\/g_35y2mwcoo__es_2.jpg","width":450,"height":208},{"@type":"BreadcrumbList","@id":"https:\/\/proagrolab.com.ar\/visita-de-veterinarios-a-proagro\/#breadcrumb","itemListElement":[{"@type":"ListItem","position":1,"name":"Portada","item":"https:\/\/proagrolab.com.ar\/"},{"@type":"ListItem","position":2,"name":"Visita de Veterinarios a Proagro."}]},{"@type":"WebSite","@id":"https:\/\/proagrolab.com.ar\/#website","url":"https:\/\/proagrolab.com.ar\/","name":"Proagro Laboratorio Veterinario","description":"Veterinary laboratory","publisher":{"@id":"https:\/\/proagrolab.com.ar\/#organization"},"potentialAction":[{"@type":"SearchAction","target":{"@type":"EntryPoint","urlTemplate":"https:\/\/proagrolab.com.ar\/?s={search_term_string}"},"query-input":{"@type":"PropertyValueSpecification","valueRequired":true,"valueName":"search_term_string"}}],"inLanguage":"en-US"},{"@type":"Organization","@id":"https:\/\/proagrolab.com.ar\/#organization","name":"Proagro","url":"https:\/\/proagrolab.com.ar\/","logo":{"@type":"ImageObject","inLanguage":"en-US","@id":"https:\/\/proagrolab.com.ar\/#\/schema\/logo\/image\/","url":"https:\/\/proagrolab.com.ar\/wp-content\/uploads\/2020\/04\/logo-retina.png","contentUrl":"https:\/\/proagrolab.com.ar\/wp-content\/uploads\/2020\/04\/logo-retina.png","width":478,"height":120,"caption":"Proagro"},"image":{"@id":"https:\/\/proagrolab.com.ar\/#\/schema\/logo\/image\/"},"sameAs":["http:\/\/www.facebook.com\/proagrolab","https:\/\/www.instagram.com\/proagrolab\/","https:\/\/www.linkedin.com\/company\/laboratorio-proagro-s-a\/"]},{"@type":"Person","@id":"https:\/\/proagrolab.com.ar\/#\/schema\/person\/38003ff90bf80381f71c7d922d207444","name":"proagrolab"}]}},"_links":{"self":[{"href":"https:\/\/proagrolab.com.ar\/en\/wp-json\/wp\/v2\/posts\/322","targetHints":{"allow":["GET"]}}],"collection":[{"href":"https:\/\/proagrolab.com.ar\/en\/wp-json\/wp\/v2\/posts"}],"about":[{"href":"https:\/\/proagrolab.com.ar\/en\/wp-json\/wp\/v2\/types\/post"}],"author":[{"embeddable":true,"href":"https:\/\/proagrolab.com.ar\/en\/wp-json\/wp\/v2\/users\/2"}],"replies":[{"embeddable":true,"href":"https:\/\/proagrolab.com.ar\/en\/wp-json\/wp\/v2\/comments?post=322"}],"version-history":[{"count":1,"href":"https:\/\/proagrolab.com.ar\/en\/wp-json\/wp\/v2\/posts\/322\/revisions"}],"predecessor-version":[{"id":13776,"href":"https:\/\/proagrolab.com.ar\/en\/wp-json\/wp\/v2\/posts\/322\/revisions\/13776"}],"wp:featuredmedia":[{"embeddable":true,"href":"https:\/\/proagrolab.com.ar\/en\/wp-json\/wp\/v2\/media\/169"}],"wp:attachment":[{"href":"https:\/\/proagrolab.com.ar\/en\/wp-json\/wp\/v2\/media?parent=322"}],"wp:term":[{"taxonomy":"category","embeddable":true,"href":"https:\/\/proagrolab.com.ar\/en\/wp-json\/wp\/v2\/categories?post=322"},{"taxonomy":"post_tag","embeddable":true,"href":"https:\/\/proagrolab.com.ar\/en\/wp-json\/wp\/v2\/tags?post=322"}],"curies":[{"name":"wp","href":"https:\/\/api.w.org\/{rel}","templated":true}]}}