{"id":31485,"date":"2022-08-12T12:43:32","date_gmt":"2022-08-12T12:43:32","guid":{"rendered":"https:\/\/proagrolab.com.ar\/?p=31485"},"modified":"2022-08-12T12:58:45","modified_gmt":"2022-08-12T12:58:45","slug":"reconocen-a-las-empresas-inclusivas-de-rosario-2022","status":"publish","type":"post","link":"https:\/\/proagrolab.com.ar\/en\/reconocen-a-las-empresas-inclusivas-de-rosario-2022\/","title":{"rendered":"Reconocen a las empresas inclusivas de Rosario 2022"},"content":{"rendered":"<p class=\"qtranxs-available-languages-message qtranxs-available-languages-message-en\"> <\/p><p><\/p>\n<p><strong>El Proyecto Trama: Red para la inclusi\u00f3n laboral sostenible<\/strong>, realiz\u00f3 junto a representantes de la Delegaci\u00f3n de la Uni\u00f3n Europea en Argentina, un acto de reconocimiento a las empresas inclusivas que se sumaron al Proyecto Trama desde sus inicios, otorgando oportunidades laborales a j\u00f3venes con discapacidad de la ciudad de Rosario y su zona de influencia.<\/p>\n<p>El acto se desarroll\u00f3 en la sede de la <strong>Bolsa de Comercio de Rosario<\/strong> y tuvo por finalidad otorgar el Sello de Empresa Inclusiva como reconocimiento al compromiso de las mismas con la inclusi\u00f3n laboral de personas con discapacidad durante los a\u00f1os 2021 y 2022.<\/p>\n<p>Asimismo, se lanz\u00f3 la convocatoria a conformar una <strong>Red de Empresas inclusivas para Rosario<\/strong> y la regi\u00f3n, con el objetivo de potenciar una mirada inclusiva y con perspectiva de discapacidad, sobre los recursos humanos que se incorporan a cada una de sus firmas.<\/p>\n<p>Adem\u00e1s de representantes del equipo de Trabajo del Proyecto Trama y j\u00f3venes participantes del mismo, estuvo presente en el acto el Jefe de Cooperaci\u00f3n de la Delegaci\u00f3n de la Uni\u00f3n Europea en Argentina, Luca Pierantoni qui\u00e9n resalt\u00f3 la importancia y la solidez del Proyecto Trama -uno de los once proyectos de desarrollo social que financia la Uni\u00f3n Europea en la Argentina- y enfatiz\u00f3 la importancia estrat\u00e9gica que tiene el acompa\u00f1amiento del Estado, tanto a nivel provincial c\u00f3mo municipal y la participaci\u00f3n de las empresas que emplean de manera directa a las y los j\u00f3venes con discapacidad que participan del Proyecto Trama.<\/p>\n<p>Del acto tambi\u00e9n participaron, la Secretar\u00eda de Capacitaci\u00f3n y Formaci\u00f3n del Ministerio de Trabajo, Empleo y Seguridad Social de la provincia de Santa Fe; la Secretaria de Mujeres, G\u00e9nero y Diversidad de la provincia de Santa Fe; otras autoridades provinciales y municipales, representantes de las empresas que forman parte del Proyecto Trama: La Mutual de AMR; Blue Blood (Idrogeno Jeans); Bolsa de Comercio de Rosario (BCR); Dicuneo; Functional Foods S.A.S (Frank\u2019s); JMG S.R.L.; La Casa del Sol Naciente; La Reina S.A.; Liliana Electrodom\u00e9sticos; Pinturas Celta S.R.L.; Proagro Laboratorio Veterinario; Provincias Unidas S.R.L; Trial International S.A. (This Week) y Universidad del Gran Rosario (UGR).<\/p>\n<p><strong>Trama en n\u00fameros<\/strong><\/p>\n<p><strong>El proyecto Trama: Red para la inclusi\u00f3n laboral sostenible es una iniciativa de la Fundaci\u00f3n del Sol Naciente<\/strong>, ejecutada conjuntamente con la Fundaci\u00f3n del Gran Rosario, que tiene por objetivo trabajar en pos de la inclusi\u00f3n laboral de personas con discapacidad intelectual de la ciudad de Rosario y su zona de influencia. El Proyecto es cofinanciado por la <strong>Delegaci\u00f3n de la Uni\u00f3n Europea en Argentina<\/strong> y tiene una duraci\u00f3n de tres a\u00f1os.<\/p>\n<p>Hasta el momento, m\u00e1s de 150 j\u00f3venes con discapacidad intelectual entre los 18 y 35 a\u00f1os participaron de Trama y 14 empresas incluyeron a m\u00e1s de 40 j\u00f3venes con discapacidad a trav\u00e9s de los programas provinciales del Ministerio de Trabajo, Empleo y Seguridad Social \u201cPr\u00e1cticas Laborales\u201d y \u201cPrimer Empleo\u201d.<\/p>\n<p>Fuente: <a href=\"https:\/\/puntobiz.com.ar\/negocios\/reconocen-a-las-empresas-inclusivas-de-rosario-2022-202281018160\">https:\/\/puntobiz.com.ar\/negocios\/reconocen-a-las-empresas-inclusivas-de-rosario-2022-202281018160<\/a><\/p>\n<p><\/p>","protected":false},"excerpt":{"rendered":"<p>El Proyecto Trama: Red para la inclusi\u00f3n laboral sostenible, realiz\u00f3 junto a representantes de la Delegaci\u00f3n de la Uni\u00f3n Europea en Argentina, un acto de reconocimiento a las empresas inclusivas que se sumaron al Proyecto Trama desde sus inicios, otorgando oportunidades laborales a j\u00f3venes con discapacidad de la ciudad de Rosario y su zona de influencia. El acto se desarroll\u00f3 en la sede de la Bolsa de Comercio de Rosario y tuvo por finalidad otorgar el Sello de Empresa Inclusiva como reconocimiento al compromiso de las mismas con la inclusi\u00f3n laboral de personas con discapacidad durante los a\u00f1os 2021 y 2022. Asimismo, se lanz\u00f3 la convocatoria a conformar una Red de Empresas inclusivas para Rosario y la regi\u00f3n, con el objetivo de potenciar una mirada inclusiva y con perspectiva de discapacidad, sobre los recursos humanos que se incorporan a cada una de sus firmas. Adem\u00e1s de representantes del equipo de Trabajo del Proyecto Trama y j\u00f3venes participantes del mismo, estuvo presente en el acto el Jefe de Cooperaci\u00f3n de la Delegaci\u00f3n de la Uni\u00f3n Europea en Argentina, Luca Pierantoni qui\u00e9n resalt\u00f3 la importancia y la solidez del Proyecto Trama -uno de los once proyectos de desarrollo social que financia la [&hellip;]<\/p>\n","protected":false},"author":6,"featured_media":31518,"comment_status":"open","ping_status":"closed","sticky":false,"template":"","format":"standard","meta":{"_acf_changed":false,"footnotes":""},"categories":[56,477],"tags":[],"class_list":["post-31485","post","type-post","status-publish","format-standard","has-post-thumbnail","hentry","category-infoganadero","category-institucionales"],"acf":[],"yoast_head":"<!-- This site is optimized with the Yoast SEO plugin v27.5 - https:\/\/yoast.com\/product\/yoast-seo-wordpress\/ -->\n<title>Reconocen a las empresas inclusivas de Rosario 2022 | Proagro<\/title>\n<meta name=\"robots\" content=\"index, follow, max-snippet:-1, max-image-preview:large, max-video-preview:-1\" \/>\n<link rel=\"canonical\" href=\"https:\/\/proagrolab.com.ar\/en\/reconocen-a-las-empresas-inclusivas-de-rosario-2022\/\" \/>\n<meta property=\"og:locale\" content=\"en_US\" \/>\n<meta property=\"og:type\" content=\"article\" \/>\n<meta property=\"og:title\" content=\"Reconocen a las empresas inclusivas de Rosario 2022 | Proagro\" \/>\n<meta property=\"og:description\" content=\"El Proyecto Trama: Red para la inclusi\u00f3n laboral sostenible, realiz\u00f3 junto a representantes de la Delegaci\u00f3n de la Uni\u00f3n Europea en Argentina, un acto de reconocimiento a las empresas inclusivas que se sumaron al Proyecto Trama desde sus inicios, otorgando oportunidades laborales a j\u00f3venes con discapacidad de la ciudad de Rosario y su zona de influencia. El acto se desarroll\u00f3 en la sede de la Bolsa de Comercio de Rosario y tuvo por finalidad otorgar el Sello de Empresa Inclusiva como reconocimiento al compromiso de las mismas con la inclusi\u00f3n laboral de personas con discapacidad durante los a\u00f1os 2021 y 2022. Asimismo, se lanz\u00f3 la convocatoria a conformar una Red de Empresas inclusivas para Rosario y la regi\u00f3n, con el objetivo de potenciar una mirada inclusiva y con perspectiva de discapacidad, sobre los recursos humanos que se incorporan a cada una de sus firmas. Adem\u00e1s de representantes del equipo de Trabajo del Proyecto Trama y j\u00f3venes participantes del mismo, estuvo presente en el acto el Jefe de Cooperaci\u00f3n de la Delegaci\u00f3n de la Uni\u00f3n Europea en Argentina, Luca Pierantoni qui\u00e9n resalt\u00f3 la importancia y la solidez del Proyecto Trama -uno de los once proyectos de desarrollo social que financia la [&hellip;]\" \/>\n<meta property=\"og:url\" content=\"https:\/\/proagrolab.com.ar\/reconocen-a-las-empresas-inclusivas-de-rosario-2022\/\" \/>\n<meta property=\"og:site_name\" content=\"Proagro\" \/>\n<meta property=\"article:publisher\" content=\"http:\/\/www.facebook.com\/proagrolab\" \/>\n<meta property=\"article:published_time\" content=\"2022-08-12T12:43:32+00:00\" \/>\n<meta property=\"article:modified_time\" content=\"2022-08-12T12:58:45+00:00\" \/>\n<meta property=\"og:image\" content=\"https:\/\/proagrolab.com.ar\/wp-content\/uploads\/2022\/08\/Banner-notas_Brangus.png\" \/>\n\t<meta property=\"og:image:width\" content=\"734\" \/>\n\t<meta property=\"og:image:height\" content=\"291\" \/>\n\t<meta property=\"og:image:type\" content=\"image\/png\" \/>\n<meta name=\"author\" content=\"Admin Proagro\" \/>\n<meta name=\"twitter:card\" content=\"summary_large_image\" \/>\n<meta name=\"twitter:label1\" content=\"Written by\" \/>\n\t<meta name=\"twitter:data1\" content=\"Admin Proagro\" \/>\n\t<meta name=\"twitter:label2\" content=\"Est. reading time\" \/>\n\t<meta name=\"twitter:data2\" content=\"3 minutes\" \/>\n<script type=\"application\/ld+json\" class=\"yoast-schema-graph\">{\"@context\":\"https:\\\/\\\/schema.org\",\"@graph\":[{\"@type\":\"Article\",\"@id\":\"https:\\\/\\\/proagrolab.com.ar\\\/reconocen-a-las-empresas-inclusivas-de-rosario-2022\\\/#article\",\"isPartOf\":{\"@id\":\"https:\\\/\\\/proagrolab.com.ar\\\/reconocen-a-las-empresas-inclusivas-de-rosario-2022\\\/\"},\"author\":{\"name\":\"Admin Proagro\",\"@id\":\"https:\\\/\\\/proagrolab.com.ar\\\/#\\\/schema\\\/person\\\/3e30f2f0f9eadcc02d50ed3664562373\"},\"headline\":\"Reconocen a las empresas inclusivas de Rosario 2022\",\"datePublished\":\"2022-08-12T12:43:32+00:00\",\"dateModified\":\"2022-08-12T12:58:45+00:00\",\"mainEntityOfPage\":{\"@id\":\"https:\\\/\\\/proagrolab.com.ar\\\/reconocen-a-las-empresas-inclusivas-de-rosario-2022\\\/\"},\"wordCount\":534,\"commentCount\":0,\"publisher\":{\"@id\":\"https:\\\/\\\/proagrolab.com.ar\\\/#organization\"},\"image\":{\"@id\":\"https:\\\/\\\/proagrolab.com.ar\\\/reconocen-a-las-empresas-inclusivas-de-rosario-2022\\\/#primaryimage\"},\"thumbnailUrl\":\"https:\\\/\\\/proagrolab.com.ar\\\/wp-content\\\/uploads\\\/2022\\\/08\\\/Banner-notas_Brangus.png\",\"articleSection\":[\"News\",\"Institutions\"],\"inLanguage\":\"en-US\",\"potentialAction\":[{\"@type\":\"CommentAction\",\"name\":\"Comment\",\"target\":[\"https:\\\/\\\/proagrolab.com.ar\\\/reconocen-a-las-empresas-inclusivas-de-rosario-2022\\\/#respond\"]}]},{\"@type\":\"WebPage\",\"@id\":\"https:\\\/\\\/proagrolab.com.ar\\\/reconocen-a-las-empresas-inclusivas-de-rosario-2022\\\/\",\"url\":\"https:\\\/\\\/proagrolab.com.ar\\\/reconocen-a-las-empresas-inclusivas-de-rosario-2022\\\/\",\"name\":\"Reconocen a las empresas inclusivas de Rosario 2022 | Proagro\",\"isPartOf\":{\"@id\":\"https:\\\/\\\/proagrolab.com.ar\\\/#website\"},\"primaryImageOfPage\":{\"@id\":\"https:\\\/\\\/proagrolab.com.ar\\\/reconocen-a-las-empresas-inclusivas-de-rosario-2022\\\/#primaryimage\"},\"image\":{\"@id\":\"https:\\\/\\\/proagrolab.com.ar\\\/reconocen-a-las-empresas-inclusivas-de-rosario-2022\\\/#primaryimage\"},\"thumbnailUrl\":\"https:\\\/\\\/proagrolab.com.ar\\\/wp-content\\\/uploads\\\/2022\\\/08\\\/Banner-notas_Brangus.png\",\"datePublished\":\"2022-08-12T12:43:32+00:00\",\"dateModified\":\"2022-08-12T12:58:45+00:00\",\"breadcrumb\":{\"@id\":\"https:\\\/\\\/proagrolab.com.ar\\\/reconocen-a-las-empresas-inclusivas-de-rosario-2022\\\/#breadcrumb\"},\"inLanguage\":\"en-US\",\"potentialAction\":[{\"@type\":\"ReadAction\",\"target\":[\"https:\\\/\\\/proagrolab.com.ar\\\/reconocen-a-las-empresas-inclusivas-de-rosario-2022\\\/\"]}]},{\"@type\":\"ImageObject\",\"inLanguage\":\"en-US\",\"@id\":\"https:\\\/\\\/proagrolab.com.ar\\\/reconocen-a-las-empresas-inclusivas-de-rosario-2022\\\/#primaryimage\",\"url\":\"https:\\\/\\\/proagrolab.com.ar\\\/wp-content\\\/uploads\\\/2022\\\/08\\\/Banner-notas_Brangus.png\",\"contentUrl\":\"https:\\\/\\\/proagrolab.com.ar\\\/wp-content\\\/uploads\\\/2022\\\/08\\\/Banner-notas_Brangus.png\",\"width\":734,\"height\":291},{\"@type\":\"BreadcrumbList\",\"@id\":\"https:\\\/\\\/proagrolab.com.ar\\\/reconocen-a-las-empresas-inclusivas-de-rosario-2022\\\/#breadcrumb\",\"itemListElement\":[{\"@type\":\"ListItem\",\"position\":1,\"name\":\"Portada\",\"item\":\"https:\\\/\\\/proagrolab.com.ar\\\/\"},{\"@type\":\"ListItem\",\"position\":2,\"name\":\"Reconocen a las empresas inclusivas de Rosario 2022\"}]},{\"@type\":\"WebSite\",\"@id\":\"https:\\\/\\\/proagrolab.com.ar\\\/#website\",\"url\":\"https:\\\/\\\/proagrolab.com.ar\\\/\",\"name\":\"Proagro Laboratorio Veterinario\",\"description\":\"Veterinary laboratory\",\"publisher\":{\"@id\":\"https:\\\/\\\/proagrolab.com.ar\\\/#organization\"},\"potentialAction\":[{\"@type\":\"SearchAction\",\"target\":{\"@type\":\"EntryPoint\",\"urlTemplate\":\"https:\\\/\\\/proagrolab.com.ar\\\/?s={search_term_string}\"},\"query-input\":{\"@type\":\"PropertyValueSpecification\",\"valueRequired\":true,\"valueName\":\"search_term_string\"}}],\"inLanguage\":\"en-US\"},{\"@type\":\"Organization\",\"@id\":\"https:\\\/\\\/proagrolab.com.ar\\\/#organization\",\"name\":\"Proagro\",\"url\":\"https:\\\/\\\/proagrolab.com.ar\\\/\",\"logo\":{\"@type\":\"ImageObject\",\"inLanguage\":\"en-US\",\"@id\":\"https:\\\/\\\/proagrolab.com.ar\\\/#\\\/schema\\\/logo\\\/image\\\/\",\"url\":\"https:\\\/\\\/proagrolab.com.ar\\\/wp-content\\\/uploads\\\/2020\\\/04\\\/logo-retina.png\",\"contentUrl\":\"https:\\\/\\\/proagrolab.com.ar\\\/wp-content\\\/uploads\\\/2020\\\/04\\\/logo-retina.png\",\"width\":478,\"height\":120,\"caption\":\"Proagro\"},\"image\":{\"@id\":\"https:\\\/\\\/proagrolab.com.ar\\\/#\\\/schema\\\/logo\\\/image\\\/\"},\"sameAs\":[\"http:\\\/\\\/www.facebook.com\\\/proagrolab\",\"https:\\\/\\\/www.instagram.com\\\/proagrolab\\\/\",\"https:\\\/\\\/www.linkedin.com\\\/company\\\/laboratorio-proagro-s-a\\\/\"]},{\"@type\":\"Person\",\"@id\":\"https:\\\/\\\/proagrolab.com.ar\\\/#\\\/schema\\\/person\\\/3e30f2f0f9eadcc02d50ed3664562373\",\"name\":\"Admin Proagro\",\"sameAs\":[\"http:\\\/\\\/www.sistemas7g.com\"]}]}<\/script>\n<!-- \/ Yoast SEO plugin. -->","yoast_head_json":{"title":"Reconocen a las empresas inclusivas de Rosario 2022 | Proagro","robots":{"index":"index","follow":"follow","max-snippet":"max-snippet:-1","max-image-preview":"max-image-preview:large","max-video-preview":"max-video-preview:-1"},"canonical":"https:\/\/proagrolab.com.ar\/en\/reconocen-a-las-empresas-inclusivas-de-rosario-2022\/","og_locale":"en_US","og_type":"article","og_title":"Reconocen a las empresas inclusivas de Rosario 2022 | Proagro","og_description":"El Proyecto Trama: Red para la inclusi\u00f3n laboral sostenible, realiz\u00f3 junto a representantes de la Delegaci\u00f3n de la Uni\u00f3n Europea en Argentina, un acto de reconocimiento a las empresas inclusivas que se sumaron al Proyecto Trama desde sus inicios, otorgando oportunidades laborales a j\u00f3venes con discapacidad de la ciudad de Rosario y su zona de influencia. El acto se desarroll\u00f3 en la sede de la Bolsa de Comercio de Rosario y tuvo por finalidad otorgar el Sello de Empresa Inclusiva como reconocimiento al compromiso de las mismas con la inclusi\u00f3n laboral de personas con discapacidad durante los a\u00f1os 2021 y 2022. Asimismo, se lanz\u00f3 la convocatoria a conformar una Red de Empresas inclusivas para Rosario y la regi\u00f3n, con el objetivo de potenciar una mirada inclusiva y con perspectiva de discapacidad, sobre los recursos humanos que se incorporan a cada una de sus firmas. Adem\u00e1s de representantes del equipo de Trabajo del Proyecto Trama y j\u00f3venes participantes del mismo, estuvo presente en el acto el Jefe de Cooperaci\u00f3n de la Delegaci\u00f3n de la Uni\u00f3n Europea en Argentina, Luca Pierantoni qui\u00e9n resalt\u00f3 la importancia y la solidez del Proyecto Trama -uno de los once proyectos de desarrollo social que financia la [&hellip;]","og_url":"https:\/\/proagrolab.com.ar\/reconocen-a-las-empresas-inclusivas-de-rosario-2022\/","og_site_name":"Proagro","article_publisher":"http:\/\/www.facebook.com\/proagrolab","article_published_time":"2022-08-12T12:43:32+00:00","article_modified_time":"2022-08-12T12:58:45+00:00","og_image":[{"width":734,"height":291,"url":"https:\/\/proagrolab.com.ar\/wp-content\/uploads\/2022\/08\/Banner-notas_Brangus.png","type":"image\/png"}],"author":"Admin Proagro","twitter_card":"summary_large_image","twitter_misc":{"Written by":"Admin Proagro","Est. reading time":"3 minutes"},"schema":{"@context":"https:\/\/schema.org","@graph":[{"@type":"Article","@id":"https:\/\/proagrolab.com.ar\/reconocen-a-las-empresas-inclusivas-de-rosario-2022\/#article","isPartOf":{"@id":"https:\/\/proagrolab.com.ar\/reconocen-a-las-empresas-inclusivas-de-rosario-2022\/"},"author":{"name":"Admin Proagro","@id":"https:\/\/proagrolab.com.ar\/#\/schema\/person\/3e30f2f0f9eadcc02d50ed3664562373"},"headline":"Reconocen a las empresas inclusivas de Rosario 2022","datePublished":"2022-08-12T12:43:32+00:00","dateModified":"2022-08-12T12:58:45+00:00","mainEntityOfPage":{"@id":"https:\/\/proagrolab.com.ar\/reconocen-a-las-empresas-inclusivas-de-rosario-2022\/"},"wordCount":534,"commentCount":0,"publisher":{"@id":"https:\/\/proagrolab.com.ar\/#organization"},"image":{"@id":"https:\/\/proagrolab.com.ar\/reconocen-a-las-empresas-inclusivas-de-rosario-2022\/#primaryimage"},"thumbnailUrl":"https:\/\/proagrolab.com.ar\/wp-content\/uploads\/2022\/08\/Banner-notas_Brangus.png","articleSection":["News","Institutions"],"inLanguage":"en-US","potentialAction":[{"@type":"CommentAction","name":"Comment","target":["https:\/\/proagrolab.com.ar\/reconocen-a-las-empresas-inclusivas-de-rosario-2022\/#respond"]}]},{"@type":"WebPage","@id":"https:\/\/proagrolab.com.ar\/reconocen-a-las-empresas-inclusivas-de-rosario-2022\/","url":"https:\/\/proagrolab.com.ar\/reconocen-a-las-empresas-inclusivas-de-rosario-2022\/","name":"Reconocen a las empresas inclusivas de Rosario 2022 | Proagro","isPartOf":{"@id":"https:\/\/proagrolab.com.ar\/#website"},"primaryImageOfPage":{"@id":"https:\/\/proagrolab.com.ar\/reconocen-a-las-empresas-inclusivas-de-rosario-2022\/#primaryimage"},"image":{"@id":"https:\/\/proagrolab.com.ar\/reconocen-a-las-empresas-inclusivas-de-rosario-2022\/#primaryimage"},"thumbnailUrl":"https:\/\/proagrolab.com.ar\/wp-content\/uploads\/2022\/08\/Banner-notas_Brangus.png","datePublished":"2022-08-12T12:43:32+00:00","dateModified":"2022-08-12T12:58:45+00:00","breadcrumb":{"@id":"https:\/\/proagrolab.com.ar\/reconocen-a-las-empresas-inclusivas-de-rosario-2022\/#breadcrumb"},"inLanguage":"en-US","potentialAction":[{"@type":"ReadAction","target":["https:\/\/proagrolab.com.ar\/reconocen-a-las-empresas-inclusivas-de-rosario-2022\/"]}]},{"@type":"ImageObject","inLanguage":"en-US","@id":"https:\/\/proagrolab.com.ar\/reconocen-a-las-empresas-inclusivas-de-rosario-2022\/#primaryimage","url":"https:\/\/proagrolab.com.ar\/wp-content\/uploads\/2022\/08\/Banner-notas_Brangus.png","contentUrl":"https:\/\/proagrolab.com.ar\/wp-content\/uploads\/2022\/08\/Banner-notas_Brangus.png","width":734,"height":291},{"@type":"BreadcrumbList","@id":"https:\/\/proagrolab.com.ar\/reconocen-a-las-empresas-inclusivas-de-rosario-2022\/#breadcrumb","itemListElement":[{"@type":"ListItem","position":1,"name":"Portada","item":"https:\/\/proagrolab.com.ar\/"},{"@type":"ListItem","position":2,"name":"Reconocen a las empresas inclusivas de Rosario 2022"}]},{"@type":"WebSite","@id":"https:\/\/proagrolab.com.ar\/#website","url":"https:\/\/proagrolab.com.ar\/","name":"Proagro Laboratorio Veterinario","description":"Veterinary laboratory","publisher":{"@id":"https:\/\/proagrolab.com.ar\/#organization"},"potentialAction":[{"@type":"SearchAction","target":{"@type":"EntryPoint","urlTemplate":"https:\/\/proagrolab.com.ar\/?s={search_term_string}"},"query-input":{"@type":"PropertyValueSpecification","valueRequired":true,"valueName":"search_term_string"}}],"inLanguage":"en-US"},{"@type":"Organization","@id":"https:\/\/proagrolab.com.ar\/#organization","name":"Proagro","url":"https:\/\/proagrolab.com.ar\/","logo":{"@type":"ImageObject","inLanguage":"en-US","@id":"https:\/\/proagrolab.com.ar\/#\/schema\/logo\/image\/","url":"https:\/\/proagrolab.com.ar\/wp-content\/uploads\/2020\/04\/logo-retina.png","contentUrl":"https:\/\/proagrolab.com.ar\/wp-content\/uploads\/2020\/04\/logo-retina.png","width":478,"height":120,"caption":"Proagro"},"image":{"@id":"https:\/\/proagrolab.com.ar\/#\/schema\/logo\/image\/"},"sameAs":["http:\/\/www.facebook.com\/proagrolab","https:\/\/www.instagram.com\/proagrolab\/","https:\/\/www.linkedin.com\/company\/laboratorio-proagro-s-a\/"]},{"@type":"Person","@id":"https:\/\/proagrolab.com.ar\/#\/schema\/person\/3e30f2f0f9eadcc02d50ed3664562373","name":"Admin Proagro","sameAs":["http:\/\/www.sistemas7g.com"]}]}},"_links":{"self":[{"href":"https:\/\/proagrolab.com.ar\/en\/wp-json\/wp\/v2\/posts\/31485","targetHints":{"allow":["GET"]}}],"collection":[{"href":"https:\/\/proagrolab.com.ar\/en\/wp-json\/wp\/v2\/posts"}],"about":[{"href":"https:\/\/proagrolab.com.ar\/en\/wp-json\/wp\/v2\/types\/post"}],"author":[{"embeddable":true,"href":"https:\/\/proagrolab.com.ar\/en\/wp-json\/wp\/v2\/users\/6"}],"replies":[{"embeddable":true,"href":"https:\/\/proagrolab.com.ar\/en\/wp-json\/wp\/v2\/comments?post=31485"}],"version-history":[{"count":2,"href":"https:\/\/proagrolab.com.ar\/en\/wp-json\/wp\/v2\/posts\/31485\/revisions"}],"predecessor-version":[{"id":31519,"href":"https:\/\/proagrolab.com.ar\/en\/wp-json\/wp\/v2\/posts\/31485\/revisions\/31519"}],"wp:featuredmedia":[{"embeddable":true,"href":"https:\/\/proagrolab.com.ar\/en\/wp-json\/wp\/v2\/media\/31518"}],"wp:attachment":[{"href":"https:\/\/proagrolab.com.ar\/en\/wp-json\/wp\/v2\/media?parent=31485"}],"wp:term":[{"taxonomy":"category","embeddable":true,"href":"https:\/\/proagrolab.com.ar\/en\/wp-json\/wp\/v2\/categories?post=31485"},{"taxonomy":"post_tag","embeddable":true,"href":"https:\/\/proagrolab.com.ar\/en\/wp-json\/wp\/v2\/tags?post=31485"}],"curies":[{"name":"wp","href":"https:\/\/api.w.org\/{rel}","templated":true}]}}