{"id":313,"date":"2008-07-01T00:00:01","date_gmt":"2008-07-01T00:00:01","guid":{"rendered":"https:\/\/proagrolab.com.ar\/paraguay-se-realizo-la-edicion-2008-de-la-expo\/"},"modified":"2020-06-29T18:12:53","modified_gmt":"2020-06-29T18:12:53","slug":"paraguay-se-realizo-la-edicion-2008-de-la-expo","status":"publish","type":"post","link":"https:\/\/proagrolab.com.ar\/en\/paraguay-se-realizo-la-edicion-2008-de-la-expo\/","title":{"rendered":"Paraguay: Se realiz\u00f3 la edici\u00f3n 2008 de la Expo."},"content":{"rendered":"<p class=\"qtranxs-available-languages-message qtranxs-available-languages-message-en\"> <\/p><p><\/p>\n<p class=\"MsoNormal\" align=\"justify\">Junto a nuestro representante en Paraguay, el Dr. Alejandro V\u00e1zquez titular de Sanidad Animal SRL, Proagro particip\u00f3 de la exposici\u00f3n m\u00e1s importante que se realiza en el pa\u00eds vecino.<br \/>En la Expo participan las mejores razas bovinas de la regi\u00f3n dando cita a todo el sector ganadero del Paraguay y visitas de pa\u00edses de la regi\u00f3n.<br \/>Proagro asume el liderazgo en antibi\u00f3ticos en Paraguay con el Irondel Plus y refuerza sus expectativas con el lanzamiento de Promectina Plus 3,15.<\/p>\n<p><\/p>","protected":false},"excerpt":{"rendered":"<p>Junto a nuestro representante en Paraguay, el Dr. Alejandro V\u00e1zquez titular de Sanidad Animal SRL, Proagro particip\u00f3 de la exposici\u00f3n m\u00e1s importante que se realiza en el pa\u00eds vecino.En la Expo participan las mejores razas bovinas de la regi\u00f3n dando cita a todo el sector ganadero del Paraguay y visitas de pa\u00edses de la regi\u00f3n.Proagro asume el liderazgo en antibi\u00f3ticos en Paraguay con el Irondel Plus y refuerza sus expectativas con el lanzamiento de Promectina Plus 3,15.<\/p>\n","protected":false},"author":2,"featured_media":160,"comment_status":"closed","ping_status":"open","sticky":false,"template":"","format":"standard","meta":{"_acf_changed":false,"footnotes":""},"categories":[477],"tags":[],"class_list":["post-313","post","type-post","status-publish","format-standard","has-post-thumbnail","hentry","category-institucionales"],"acf":[],"yoast_head":"<!-- This site is optimized with the Yoast SEO plugin v27.5 - https:\/\/yoast.com\/product\/yoast-seo-wordpress\/ -->\n<title>Paraguay: Se realiz\u00f3 la edici\u00f3n 2008 de la Expo. | Proagro<\/title>\n<meta name=\"robots\" content=\"index, follow, max-snippet:-1, max-image-preview:large, max-video-preview:-1\" \/>\n<link rel=\"canonical\" href=\"https:\/\/proagrolab.com.ar\/en\/paraguay-se-realizo-la-edicion-2008-de-la-expo\/\" \/>\n<meta property=\"og:locale\" content=\"en_US\" \/>\n<meta property=\"og:type\" content=\"article\" \/>\n<meta property=\"og:title\" content=\"Paraguay: Se realiz\u00f3 la edici\u00f3n 2008 de la Expo. | Proagro\" \/>\n<meta property=\"og:description\" content=\"Junto a nuestro representante en Paraguay, el Dr. Alejandro V\u00e1zquez titular de Sanidad Animal SRL, Proagro particip\u00f3 de la exposici\u00f3n m\u00e1s importante que se realiza en el pa\u00eds vecino.En la Expo participan las mejores razas bovinas de la regi\u00f3n dando cita a todo el sector ganadero del Paraguay y visitas de pa\u00edses de la regi\u00f3n.Proagro asume el liderazgo en antibi\u00f3ticos en Paraguay con el Irondel Plus y refuerza sus expectativas con el lanzamiento de Promectina Plus 3,15.\" \/>\n<meta property=\"og:url\" content=\"https:\/\/proagrolab.com.ar\/paraguay-se-realizo-la-edicion-2008-de-la-expo\/\" \/>\n<meta property=\"og:site_name\" content=\"Proagro\" \/>\n<meta property=\"article:publisher\" content=\"http:\/\/www.facebook.com\/proagrolab\" \/>\n<meta property=\"article:published_time\" content=\"2008-07-01T00:00:01+00:00\" \/>\n<meta property=\"article:modified_time\" content=\"2020-06-29T18:12:53+00:00\" \/>\n<meta property=\"og:image\" content=\"https:\/\/proagrolab.com.ar\/wp-content\/uploads\/2015\/01\/g_r1c0xjpe7__es_paraguay_expo.jpg\" \/>\n\t<meta property=\"og:image:width\" content=\"450\" \/>\n\t<meta property=\"og:image:height\" content=\"208\" \/>\n\t<meta property=\"og:image:type\" content=\"image\/jpeg\" \/>\n<meta name=\"author\" content=\"proagrolab\" \/>\n<meta name=\"twitter:card\" content=\"summary_large_image\" \/>\n<meta name=\"twitter:label1\" content=\"Written by\" \/>\n\t<meta name=\"twitter:data1\" content=\"proagrolab\" \/>\n<script type=\"application\/ld+json\" class=\"yoast-schema-graph\">{\"@context\":\"https:\\\/\\\/schema.org\",\"@graph\":[{\"@type\":\"Article\",\"@id\":\"https:\\\/\\\/proagrolab.com.ar\\\/paraguay-se-realizo-la-edicion-2008-de-la-expo\\\/#article\",\"isPartOf\":{\"@id\":\"https:\\\/\\\/proagrolab.com.ar\\\/paraguay-se-realizo-la-edicion-2008-de-la-expo\\\/\"},\"author\":{\"name\":\"proagrolab\",\"@id\":\"https:\\\/\\\/proagrolab.com.ar\\\/#\\\/schema\\\/person\\\/38003ff90bf80381f71c7d922d207444\"},\"headline\":\"Paraguay: Se realiz\u00f3 la edici\u00f3n 2008 de la Expo.\",\"datePublished\":\"2008-07-01T00:00:01+00:00\",\"dateModified\":\"2020-06-29T18:12:53+00:00\",\"mainEntityOfPage\":{\"@id\":\"https:\\\/\\\/proagrolab.com.ar\\\/paraguay-se-realizo-la-edicion-2008-de-la-expo\\\/\"},\"wordCount\":95,\"publisher\":{\"@id\":\"https:\\\/\\\/proagrolab.com.ar\\\/#organization\"},\"image\":{\"@id\":\"https:\\\/\\\/proagrolab.com.ar\\\/paraguay-se-realizo-la-edicion-2008-de-la-expo\\\/#primaryimage\"},\"thumbnailUrl\":\"https:\\\/\\\/proagrolab.com.ar\\\/wp-content\\\/uploads\\\/2015\\\/01\\\/g_r1c0xjpe7__es_paraguay_expo.jpg\",\"articleSection\":[\"Institutions\"],\"inLanguage\":\"en-US\"},{\"@type\":\"WebPage\",\"@id\":\"https:\\\/\\\/proagrolab.com.ar\\\/paraguay-se-realizo-la-edicion-2008-de-la-expo\\\/\",\"url\":\"https:\\\/\\\/proagrolab.com.ar\\\/paraguay-se-realizo-la-edicion-2008-de-la-expo\\\/\",\"name\":\"Paraguay: Se realiz\u00f3 la edici\u00f3n 2008 de la Expo. | Proagro\",\"isPartOf\":{\"@id\":\"https:\\\/\\\/proagrolab.com.ar\\\/#website\"},\"primaryImageOfPage\":{\"@id\":\"https:\\\/\\\/proagrolab.com.ar\\\/paraguay-se-realizo-la-edicion-2008-de-la-expo\\\/#primaryimage\"},\"image\":{\"@id\":\"https:\\\/\\\/proagrolab.com.ar\\\/paraguay-se-realizo-la-edicion-2008-de-la-expo\\\/#primaryimage\"},\"thumbnailUrl\":\"https:\\\/\\\/proagrolab.com.ar\\\/wp-content\\\/uploads\\\/2015\\\/01\\\/g_r1c0xjpe7__es_paraguay_expo.jpg\",\"datePublished\":\"2008-07-01T00:00:01+00:00\",\"dateModified\":\"2020-06-29T18:12:53+00:00\",\"breadcrumb\":{\"@id\":\"https:\\\/\\\/proagrolab.com.ar\\\/paraguay-se-realizo-la-edicion-2008-de-la-expo\\\/#breadcrumb\"},\"inLanguage\":\"en-US\",\"potentialAction\":[{\"@type\":\"ReadAction\",\"target\":[\"https:\\\/\\\/proagrolab.com.ar\\\/paraguay-se-realizo-la-edicion-2008-de-la-expo\\\/\"]}]},{\"@type\":\"ImageObject\",\"inLanguage\":\"en-US\",\"@id\":\"https:\\\/\\\/proagrolab.com.ar\\\/paraguay-se-realizo-la-edicion-2008-de-la-expo\\\/#primaryimage\",\"url\":\"https:\\\/\\\/proagrolab.com.ar\\\/wp-content\\\/uploads\\\/2015\\\/01\\\/g_r1c0xjpe7__es_paraguay_expo.jpg\",\"contentUrl\":\"https:\\\/\\\/proagrolab.com.ar\\\/wp-content\\\/uploads\\\/2015\\\/01\\\/g_r1c0xjpe7__es_paraguay_expo.jpg\",\"width\":450,\"height\":208},{\"@type\":\"BreadcrumbList\",\"@id\":\"https:\\\/\\\/proagrolab.com.ar\\\/paraguay-se-realizo-la-edicion-2008-de-la-expo\\\/#breadcrumb\",\"itemListElement\":[{\"@type\":\"ListItem\",\"position\":1,\"name\":\"Portada\",\"item\":\"https:\\\/\\\/proagrolab.com.ar\\\/\"},{\"@type\":\"ListItem\",\"position\":2,\"name\":\"Paraguay: Se realiz\u00f3 la edici\u00f3n 2008 de la Expo.\"}]},{\"@type\":\"WebSite\",\"@id\":\"https:\\\/\\\/proagrolab.com.ar\\\/#website\",\"url\":\"https:\\\/\\\/proagrolab.com.ar\\\/\",\"name\":\"Proagro Laboratorio Veterinario\",\"description\":\"Veterinary laboratory\",\"publisher\":{\"@id\":\"https:\\\/\\\/proagrolab.com.ar\\\/#organization\"},\"potentialAction\":[{\"@type\":\"SearchAction\",\"target\":{\"@type\":\"EntryPoint\",\"urlTemplate\":\"https:\\\/\\\/proagrolab.com.ar\\\/?s={search_term_string}\"},\"query-input\":{\"@type\":\"PropertyValueSpecification\",\"valueRequired\":true,\"valueName\":\"search_term_string\"}}],\"inLanguage\":\"en-US\"},{\"@type\":\"Organization\",\"@id\":\"https:\\\/\\\/proagrolab.com.ar\\\/#organization\",\"name\":\"Proagro\",\"url\":\"https:\\\/\\\/proagrolab.com.ar\\\/\",\"logo\":{\"@type\":\"ImageObject\",\"inLanguage\":\"en-US\",\"@id\":\"https:\\\/\\\/proagrolab.com.ar\\\/#\\\/schema\\\/logo\\\/image\\\/\",\"url\":\"https:\\\/\\\/proagrolab.com.ar\\\/wp-content\\\/uploads\\\/2020\\\/04\\\/logo-retina.png\",\"contentUrl\":\"https:\\\/\\\/proagrolab.com.ar\\\/wp-content\\\/uploads\\\/2020\\\/04\\\/logo-retina.png\",\"width\":478,\"height\":120,\"caption\":\"Proagro\"},\"image\":{\"@id\":\"https:\\\/\\\/proagrolab.com.ar\\\/#\\\/schema\\\/logo\\\/image\\\/\"},\"sameAs\":[\"http:\\\/\\\/www.facebook.com\\\/proagrolab\",\"https:\\\/\\\/www.instagram.com\\\/proagrolab\\\/\",\"https:\\\/\\\/www.linkedin.com\\\/company\\\/laboratorio-proagro-s-a\\\/\"]},{\"@type\":\"Person\",\"@id\":\"https:\\\/\\\/proagrolab.com.ar\\\/#\\\/schema\\\/person\\\/38003ff90bf80381f71c7d922d207444\",\"name\":\"proagrolab\"}]}<\/script>\n<!-- \/ Yoast SEO plugin. -->","yoast_head_json":{"title":"Paraguay: Se realiz\u00f3 la edici\u00f3n 2008 de la Expo. | Proagro","robots":{"index":"index","follow":"follow","max-snippet":"max-snippet:-1","max-image-preview":"max-image-preview:large","max-video-preview":"max-video-preview:-1"},"canonical":"https:\/\/proagrolab.com.ar\/en\/paraguay-se-realizo-la-edicion-2008-de-la-expo\/","og_locale":"en_US","og_type":"article","og_title":"Paraguay: Se realiz\u00f3 la edici\u00f3n 2008 de la Expo. | Proagro","og_description":"Junto a nuestro representante en Paraguay, el Dr. Alejandro V\u00e1zquez titular de Sanidad Animal SRL, Proagro particip\u00f3 de la exposici\u00f3n m\u00e1s importante que se realiza en el pa\u00eds vecino.En la Expo participan las mejores razas bovinas de la regi\u00f3n dando cita a todo el sector ganadero del Paraguay y visitas de pa\u00edses de la regi\u00f3n.Proagro asume el liderazgo en antibi\u00f3ticos en Paraguay con el Irondel Plus y refuerza sus expectativas con el lanzamiento de Promectina Plus 3,15.","og_url":"https:\/\/proagrolab.com.ar\/paraguay-se-realizo-la-edicion-2008-de-la-expo\/","og_site_name":"Proagro","article_publisher":"http:\/\/www.facebook.com\/proagrolab","article_published_time":"2008-07-01T00:00:01+00:00","article_modified_time":"2020-06-29T18:12:53+00:00","og_image":[{"width":450,"height":208,"url":"https:\/\/proagrolab.com.ar\/wp-content\/uploads\/2015\/01\/g_r1c0xjpe7__es_paraguay_expo.jpg","type":"image\/jpeg"}],"author":"proagrolab","twitter_card":"summary_large_image","twitter_misc":{"Written by":"proagrolab"},"schema":{"@context":"https:\/\/schema.org","@graph":[{"@type":"Article","@id":"https:\/\/proagrolab.com.ar\/paraguay-se-realizo-la-edicion-2008-de-la-expo\/#article","isPartOf":{"@id":"https:\/\/proagrolab.com.ar\/paraguay-se-realizo-la-edicion-2008-de-la-expo\/"},"author":{"name":"proagrolab","@id":"https:\/\/proagrolab.com.ar\/#\/schema\/person\/38003ff90bf80381f71c7d922d207444"},"headline":"Paraguay: Se realiz\u00f3 la edici\u00f3n 2008 de la Expo.","datePublished":"2008-07-01T00:00:01+00:00","dateModified":"2020-06-29T18:12:53+00:00","mainEntityOfPage":{"@id":"https:\/\/proagrolab.com.ar\/paraguay-se-realizo-la-edicion-2008-de-la-expo\/"},"wordCount":95,"publisher":{"@id":"https:\/\/proagrolab.com.ar\/#organization"},"image":{"@id":"https:\/\/proagrolab.com.ar\/paraguay-se-realizo-la-edicion-2008-de-la-expo\/#primaryimage"},"thumbnailUrl":"https:\/\/proagrolab.com.ar\/wp-content\/uploads\/2015\/01\/g_r1c0xjpe7__es_paraguay_expo.jpg","articleSection":["Institutions"],"inLanguage":"en-US"},{"@type":"WebPage","@id":"https:\/\/proagrolab.com.ar\/paraguay-se-realizo-la-edicion-2008-de-la-expo\/","url":"https:\/\/proagrolab.com.ar\/paraguay-se-realizo-la-edicion-2008-de-la-expo\/","name":"Paraguay: Se realiz\u00f3 la edici\u00f3n 2008 de la Expo. | Proagro","isPartOf":{"@id":"https:\/\/proagrolab.com.ar\/#website"},"primaryImageOfPage":{"@id":"https:\/\/proagrolab.com.ar\/paraguay-se-realizo-la-edicion-2008-de-la-expo\/#primaryimage"},"image":{"@id":"https:\/\/proagrolab.com.ar\/paraguay-se-realizo-la-edicion-2008-de-la-expo\/#primaryimage"},"thumbnailUrl":"https:\/\/proagrolab.com.ar\/wp-content\/uploads\/2015\/01\/g_r1c0xjpe7__es_paraguay_expo.jpg","datePublished":"2008-07-01T00:00:01+00:00","dateModified":"2020-06-29T18:12:53+00:00","breadcrumb":{"@id":"https:\/\/proagrolab.com.ar\/paraguay-se-realizo-la-edicion-2008-de-la-expo\/#breadcrumb"},"inLanguage":"en-US","potentialAction":[{"@type":"ReadAction","target":["https:\/\/proagrolab.com.ar\/paraguay-se-realizo-la-edicion-2008-de-la-expo\/"]}]},{"@type":"ImageObject","inLanguage":"en-US","@id":"https:\/\/proagrolab.com.ar\/paraguay-se-realizo-la-edicion-2008-de-la-expo\/#primaryimage","url":"https:\/\/proagrolab.com.ar\/wp-content\/uploads\/2015\/01\/g_r1c0xjpe7__es_paraguay_expo.jpg","contentUrl":"https:\/\/proagrolab.com.ar\/wp-content\/uploads\/2015\/01\/g_r1c0xjpe7__es_paraguay_expo.jpg","width":450,"height":208},{"@type":"BreadcrumbList","@id":"https:\/\/proagrolab.com.ar\/paraguay-se-realizo-la-edicion-2008-de-la-expo\/#breadcrumb","itemListElement":[{"@type":"ListItem","position":1,"name":"Portada","item":"https:\/\/proagrolab.com.ar\/"},{"@type":"ListItem","position":2,"name":"Paraguay: Se realiz\u00f3 la edici\u00f3n 2008 de la Expo."}]},{"@type":"WebSite","@id":"https:\/\/proagrolab.com.ar\/#website","url":"https:\/\/proagrolab.com.ar\/","name":"Proagro Laboratorio Veterinario","description":"Veterinary laboratory","publisher":{"@id":"https:\/\/proagrolab.com.ar\/#organization"},"potentialAction":[{"@type":"SearchAction","target":{"@type":"EntryPoint","urlTemplate":"https:\/\/proagrolab.com.ar\/?s={search_term_string}"},"query-input":{"@type":"PropertyValueSpecification","valueRequired":true,"valueName":"search_term_string"}}],"inLanguage":"en-US"},{"@type":"Organization","@id":"https:\/\/proagrolab.com.ar\/#organization","name":"Proagro","url":"https:\/\/proagrolab.com.ar\/","logo":{"@type":"ImageObject","inLanguage":"en-US","@id":"https:\/\/proagrolab.com.ar\/#\/schema\/logo\/image\/","url":"https:\/\/proagrolab.com.ar\/wp-content\/uploads\/2020\/04\/logo-retina.png","contentUrl":"https:\/\/proagrolab.com.ar\/wp-content\/uploads\/2020\/04\/logo-retina.png","width":478,"height":120,"caption":"Proagro"},"image":{"@id":"https:\/\/proagrolab.com.ar\/#\/schema\/logo\/image\/"},"sameAs":["http:\/\/www.facebook.com\/proagrolab","https:\/\/www.instagram.com\/proagrolab\/","https:\/\/www.linkedin.com\/company\/laboratorio-proagro-s-a\/"]},{"@type":"Person","@id":"https:\/\/proagrolab.com.ar\/#\/schema\/person\/38003ff90bf80381f71c7d922d207444","name":"proagrolab"}]}},"_links":{"self":[{"href":"https:\/\/proagrolab.com.ar\/en\/wp-json\/wp\/v2\/posts\/313","targetHints":{"allow":["GET"]}}],"collection":[{"href":"https:\/\/proagrolab.com.ar\/en\/wp-json\/wp\/v2\/posts"}],"about":[{"href":"https:\/\/proagrolab.com.ar\/en\/wp-json\/wp\/v2\/types\/post"}],"author":[{"embeddable":true,"href":"https:\/\/proagrolab.com.ar\/en\/wp-json\/wp\/v2\/users\/2"}],"replies":[{"embeddable":true,"href":"https:\/\/proagrolab.com.ar\/en\/wp-json\/wp\/v2\/comments?post=313"}],"version-history":[{"count":1,"href":"https:\/\/proagrolab.com.ar\/en\/wp-json\/wp\/v2\/posts\/313\/revisions"}],"predecessor-version":[{"id":13751,"href":"https:\/\/proagrolab.com.ar\/en\/wp-json\/wp\/v2\/posts\/313\/revisions\/13751"}],"wp:featuredmedia":[{"embeddable":true,"href":"https:\/\/proagrolab.com.ar\/en\/wp-json\/wp\/v2\/media\/160"}],"wp:attachment":[{"href":"https:\/\/proagrolab.com.ar\/en\/wp-json\/wp\/v2\/media?parent=313"}],"wp:term":[{"taxonomy":"category","embeddable":true,"href":"https:\/\/proagrolab.com.ar\/en\/wp-json\/wp\/v2\/categories?post=313"},{"taxonomy":"post_tag","embeddable":true,"href":"https:\/\/proagrolab.com.ar\/en\/wp-json\/wp\/v2\/tags?post=313"}],"curies":[{"name":"wp","href":"https:\/\/api.w.org\/{rel}","templated":true}]}}