{"id":24951,"date":"2021-12-22T12:24:33","date_gmt":"2021-12-22T12:24:33","guid":{"rendered":"https:\/\/proagrolab.com.ar\/?p=24951"},"modified":"2021-12-27T14:45:36","modified_gmt":"2021-12-27T14:45:36","slug":"la-transformacion-siempre-vigente","status":"publish","type":"post","link":"https:\/\/proagrolab.com.ar\/en\/la-transformacion-siempre-vigente\/","title":{"rendered":"La transformaci\u00f3n siempre vigente"},"content":{"rendered":"<p class=\"qtranxs-available-languages-message qtranxs-available-languages-message-en\"> <\/p><p><\/p>\n<p><span style=\"font-weight: 400;\">Estamos finalizando otro a\u00f1o cargado de desaf\u00edos y complejidades donde fue necesario continuar desarrollando la resiliencia, la flexibilidad y la capacidad de adaptaci\u00f3n, as\u00ed como incorporar nuevas habilidades y destrezas para seguir adelante.<\/span><\/p>\n<p><span style=\"font-weight: 400;\">Fue as\u00ed como la adaptaci\u00f3n digital lleg\u00f3 a nuestro sector de compras a trav\u00e9s de un portal exclusivo para proveedores. Una mejora que permite que las demandas del laboratorio lleguen de manera autom\u00e1tica a los proveedores, quienes son rankeados por calidad.\u00a0<\/span><span style=\"font-weight: 400;\">Adem\u00e1s pueden gestionar en l\u00ednea toda la informaci\u00f3n y documentaci\u00f3n a trav\u00e9s de una interfaz personalizada, amigable y sencilla.<\/span><\/p>\n<blockquote>\n<p><span style=\"font-weight: 400;\">&#8220;En general, casi todos los proveedores se sorprendieron cuando les informamos sobre esta implementaci\u00f3n, con muy buena aceptaci\u00f3n y felicit\u00e1ndonos por nuestro avance tecnol\u00f3gico&#8221;, coment\u00f3 el Responsable de Compras, Ra\u00fal Ferrari.<\/span><\/p>\n<\/blockquote>\n<p><a href=\"https:\/\/proagrolab.com.ar\/wp-content\/uploads\/2021\/12\/Nueva-nave-expedicion-1.png\"><img loading=\"lazy\" decoding=\"async\" class=\"alignleft size-medium wp-image-25078\" src=\"https:\/\/proagrolab.com.ar\/wp-content\/uploads\/2021\/12\/Nueva-nave-expedicion-1-300x300.png\" alt=\"\" width=\"300\" height=\"300\" srcset=\"https:\/\/proagrolab.com.ar\/wp-content\/uploads\/2021\/12\/Nueva-nave-expedicion-1-300x300.png 300w, https:\/\/proagrolab.com.ar\/wp-content\/uploads\/2021\/12\/Nueva-nave-expedicion-1-1024x1024.png 1024w, https:\/\/proagrolab.com.ar\/wp-content\/uploads\/2021\/12\/Nueva-nave-expedicion-1-150x150.png 150w, https:\/\/proagrolab.com.ar\/wp-content\/uploads\/2021\/12\/Nueva-nave-expedicion-1-768x768.png 768w, https:\/\/proagrolab.com.ar\/wp-content\/uploads\/2021\/12\/Nueva-nave-expedicion-1-1536x1536.png 1536w, https:\/\/proagrolab.com.ar\/wp-content\/uploads\/2021\/12\/Nueva-nave-expedicion-1-2048x2048.png 2048w, https:\/\/proagrolab.com.ar\/wp-content\/uploads\/2021\/12\/Nueva-nave-expedicion-1-80x80.png 80w, https:\/\/proagrolab.com.ar\/wp-content\/uploads\/2021\/12\/Nueva-nave-expedicion-1-500x500.png 500w, https:\/\/proagrolab.com.ar\/wp-content\/uploads\/2021\/12\/Nueva-nave-expedicion-1-1000x1000.png 1000w, https:\/\/proagrolab.com.ar\/wp-content\/uploads\/2021\/12\/Nueva-nave-expedicion-1-600x600.png 600w, https:\/\/proagrolab.com.ar\/wp-content\/uploads\/2021\/12\/Nueva-nave-expedicion-1-100x100.png 100w\" sizes=\"auto, (max-width: 300px) 100vw, 300px\" \/><\/a><\/p>\n<p>&nbsp;<\/p>\n<p><span style=\"font-weight: 400;\">Iniciamos y seguimos avanzando en la construcci\u00f3n de una nueva nave para Expedici\u00f3n, ubicada en nuestro espacio\u00a0en el Predio Industrial Metropolitano de P\u00e9rez. La Adscripta a Gerencia, Ana Mar\u00eda del Colle explic\u00f3 que: \u201cDebimos presentar un proyecto de inversi\u00f3n, desarrollando en papel la evoluci\u00f3n de la obra con nuestros distintos\u00a0proveedores. Se est\u00e1 evaluando la posibilidad de innovar, utilizando una pintura interior que bajar\u00eda sensiblemente la temperatura\u201d<\/span><span style=\"font-weight: 400;\">.<\/span><strong> El nuevo almac\u00e9n forma parte de un proceso de modernizaci\u00f3n productiva que desarrollamos a lo largo de este a\u00f1o, a partir del cual se detectaron necesidades y mejoras tanto edilicias como de maquinaria.\u00a0<\/strong><\/p>\n<p>&nbsp;<\/p>\n<p><span style=\"font-weight: 400;\">Dentro de este proceso logramos tambi\u00e9n la habilitaci\u00f3n de SENASA de nuestro Laboratorio de Ectoparasiticidas y el Dep\u00f3sito de Productos Terminados, ubicados en el mismo Predio. Esto nos permite elaborar vol\u00famenes m\u00e1s grandes en los productos que contienen principios activos ectoparasiticidas, trabajar en l\u00ednea y contar con mayor espacio para organizar e identificar los productos terminados, preparar los pedidos y las exportaciones. <\/span><\/p>\n<blockquote>\n<p><span style=\"font-weight: 400;\">\u201cEsta habilitaci\u00f3n fue posible gracias al trabajo en conjunto de muchas \u00e1reas de la empresa, a quienes agradecemos por la colaboraci\u00f3n y buena predisposici\u00f3n para que podamos lograr el objetivo que busc\u00e1bamos\u201d, agreg\u00f3 Alejandra Zanucoli, Jefa de Aseguramiento de Calidad.<\/span><\/p>\n<\/blockquote>\n<p><span style=\"font-weight: 400;\">A su vez,<strong> reforzamos nuestra atenci\u00f3n en Buenos Aires para la l\u00ednea Paraque\u00f1os con la incorporaci\u00f3n de Promotores T\u00e9cnicos<\/strong> al equipo, quienes se encargan de mantener el contacto directo con los veterinarios, generar relaciones de confianza y escuchar sus necesidades y recomendaciones. Sobre esto \u00faltimo, el Ejecutivo Comercial para Buenos Aires, Mat\u00edas Lahoz, sostiene que \u201clo consideramos un gran aporte para desarrollar nuevos productos y crear nuevas estrategias comerciales<\/span><span style=\"font-weight: 400;\">\u201d.\u00a0<\/span><\/p>\n<p><span style=\"font-weight: 400;\">Esto fue de vital importancia para acompa\u00f1ar el lanzamiento de nuestro nuevo producto que se suma al vadem\u00e9cum de animales de compa\u00f1\u00eda: Pulgar comprimidos, un pulguicida de acci\u00f3n r\u00e1pida a base de Spinosad y actividad residual por 35 d\u00edas. Un logro m\u00e1s que celebramos junto a todo nuestro equipo de I+D.\u00a0<\/span><\/p>\n<p><span style=\"font-weight: 400;\"><a href=\"https:\/\/proagrolab.com.ar\/wp-content\/uploads\/2021\/12\/Sistema-RRSS_Proagro-15.png\"><img loading=\"lazy\" decoding=\"async\" class=\"alignright size-medium wp-image-25006\" src=\"https:\/\/proagrolab.com.ar\/wp-content\/uploads\/2021\/12\/Sistema-RRSS_Proagro-15-300x300.png\" alt=\"\" width=\"300\" height=\"300\" srcset=\"https:\/\/proagrolab.com.ar\/wp-content\/uploads\/2021\/12\/Sistema-RRSS_Proagro-15-300x300.png 300w, https:\/\/proagrolab.com.ar\/wp-content\/uploads\/2021\/12\/Sistema-RRSS_Proagro-15-1024x1024.png 1024w, https:\/\/proagrolab.com.ar\/wp-content\/uploads\/2021\/12\/Sistema-RRSS_Proagro-15-150x150.png 150w, https:\/\/proagrolab.com.ar\/wp-content\/uploads\/2021\/12\/Sistema-RRSS_Proagro-15-768x768.png 768w, https:\/\/proagrolab.com.ar\/wp-content\/uploads\/2021\/12\/Sistema-RRSS_Proagro-15-80x80.png 80w, https:\/\/proagrolab.com.ar\/wp-content\/uploads\/2021\/12\/Sistema-RRSS_Proagro-15-500x500.png 500w, https:\/\/proagrolab.com.ar\/wp-content\/uploads\/2021\/12\/Sistema-RRSS_Proagro-15-1000x1000.png 1000w, https:\/\/proagrolab.com.ar\/wp-content\/uploads\/2021\/12\/Sistema-RRSS_Proagro-15-600x600.png 600w, https:\/\/proagrolab.com.ar\/wp-content\/uploads\/2021\/12\/Sistema-RRSS_Proagro-15-100x100.png 100w, https:\/\/proagrolab.com.ar\/wp-content\/uploads\/2021\/12\/Sistema-RRSS_Proagro-15.png 1080w\" sizes=\"auto, (max-width: 300px) 100vw, 300px\" \/><\/a>Y si de felicidad se trata, <strong>colaboramos con Proyecto Trama: Red para la inclusi\u00f3n laboral sostenible, incorporando a nuestro equipo de trabajo a personas con discapacidad intelectual.<\/strong> En su paso por la empresa, Agustina (Administraci\u00f3n) y David (Producci\u00f3n) comenzar\u00e1n su entrenamiento laboral durante tres meses, con el objetivo de adquirir experiencia y desarrollar sus perfiles profesionales.\u00a0<\/span><\/p>\n<p><span style=\"font-weight: 400;\">Tambi\u00e9n ayudamos a 16 organizaciones entre protectoras, escuelas, refugios de animales e instituciones, con 14 donaciones de m\u00e1s de 5900 productos articuladas desde el \u00e1rea de Relaciones Institucionales.\u00a0<\/span><\/p>\n<p>&nbsp;<\/p>\n<p><span style=\"font-weight: 400;\"><a href=\"https:\/\/proagrolab.com.ar\/wp-content\/uploads\/2021\/12\/RRSS_Botellas.jpg\"><img loading=\"lazy\" decoding=\"async\" class=\"alignleft size-medium wp-image-25007\" src=\"https:\/\/proagrolab.com.ar\/wp-content\/uploads\/2021\/12\/RRSS_Botellas-300x300.jpg\" alt=\"\" width=\"300\" height=\"300\" srcset=\"https:\/\/proagrolab.com.ar\/wp-content\/uploads\/2021\/12\/RRSS_Botellas-300x300.jpg 300w, https:\/\/proagrolab.com.ar\/wp-content\/uploads\/2021\/12\/RRSS_Botellas-1024x1024.jpg 1024w, https:\/\/proagrolab.com.ar\/wp-content\/uploads\/2021\/12\/RRSS_Botellas-150x150.jpg 150w, https:\/\/proagrolab.com.ar\/wp-content\/uploads\/2021\/12\/RRSS_Botellas-768x768.jpg 768w, https:\/\/proagrolab.com.ar\/wp-content\/uploads\/2021\/12\/RRSS_Botellas-80x80.jpg 80w, https:\/\/proagrolab.com.ar\/wp-content\/uploads\/2021\/12\/RRSS_Botellas-500x500.jpg 500w, https:\/\/proagrolab.com.ar\/wp-content\/uploads\/2021\/12\/RRSS_Botellas-1000x1000.jpg 1000w, https:\/\/proagrolab.com.ar\/wp-content\/uploads\/2021\/12\/RRSS_Botellas-600x600.jpg 600w, https:\/\/proagrolab.com.ar\/wp-content\/uploads\/2021\/12\/RRSS_Botellas-100x100.jpg 100w, https:\/\/proagrolab.com.ar\/wp-content\/uploads\/2021\/12\/RRSS_Botellas.jpg 1081w\" sizes=\"auto, (max-width: 300px) 100vw, 300px\" \/><\/a><\/span><\/p>\n<p>&nbsp;<\/p>\n<p><span style=\"font-weight: 400;\">Y reforzamos nuestro compromiso con el cuidado del medio ambiente y la sostenibilidad, obsequiando a todo nuestro equipo de trabajo botellas y vasos t\u00e9rmicos reutilizables. De esta forma, reduciremos considerablemente el consumo de productos descartables y adem\u00e1s, incentivamos el consumo de agua diario.<\/span><\/p>\n<blockquote>\n<p><span style=\"font-weight: 400;\">\u201cEsta propuesta surge como parte de nuestra Responsabilidad Social Empresarial y es una forma no s\u00f3lo de generar buenos h\u00e1bitos sino de sumar nuestro granito de arena en el cuidado del planeta\u201d, sostuvo la Responsable de Relaciones Institucionales, Jesica Dalbano.<\/span><\/p>\n<\/blockquote>\n<p>&nbsp;<\/p>\n<p><span style=\"font-weight: 400;\">Por todo esto, celebramos un 2021 donde los logros vencieron a la incertidumbre, la capacidad de adaptaci\u00f3n se volvi\u00f3 moneda corriente y el trabajo en equipo nos mantuvo en el camino del crecimiento.<\/span><\/p>\n<p><\/p>","protected":false},"excerpt":{"rendered":"<p>Estamos finalizando otro a\u00f1o cargado de desaf\u00edos y complejidades donde fue necesario continuar desarrollando la resiliencia, la flexibilidad y la capacidad de adaptaci\u00f3n, as\u00ed como incorporar nuevas habilidades y destrezas para seguir adelante. Fue as\u00ed como la adaptaci\u00f3n digital lleg\u00f3 a nuestro sector de compras a trav\u00e9s de un portal exclusivo para proveedores. Una mejora que permite que las demandas del laboratorio lleguen de manera autom\u00e1tica a los proveedores, quienes son rankeados por calidad.\u00a0Adem\u00e1s pueden gestionar en l\u00ednea toda la informaci\u00f3n y documentaci\u00f3n a trav\u00e9s de una interfaz personalizada, amigable y sencilla. &#8220;En general, casi todos los proveedores se sorprendieron cuando les informamos sobre esta implementaci\u00f3n, con muy buena aceptaci\u00f3n y felicit\u00e1ndonos por nuestro avance tecnol\u00f3gico&#8221;, coment\u00f3 el Responsable de Compras, Ra\u00fal Ferrari. &nbsp; Iniciamos y seguimos avanzando en la construcci\u00f3n de una nueva nave para Expedici\u00f3n, ubicada en nuestro espacio\u00a0en el Predio Industrial Metropolitano de P\u00e9rez. La Adscripta a Gerencia, Ana Mar\u00eda del Colle explic\u00f3 que: \u201cDebimos presentar un proyecto de inversi\u00f3n, desarrollando en papel la evoluci\u00f3n de la obra con nuestros distintos\u00a0proveedores. Se est\u00e1 evaluando la posibilidad de innovar, utilizando una pintura interior que bajar\u00eda sensiblemente la temperatura\u201d. El nuevo almac\u00e9n forma parte de un proceso de modernizaci\u00f3n [&hellip;]<\/p>\n","protected":false},"author":6,"featured_media":24952,"comment_status":"open","ping_status":"closed","sticky":false,"template":"","format":"standard","meta":{"_acf_changed":false,"footnotes":""},"categories":[477],"tags":[],"class_list":["post-24951","post","type-post","status-publish","format-standard","has-post-thumbnail","hentry","category-institucionales"],"acf":[],"yoast_head":"<!-- This site is optimized with the Yoast SEO plugin v27.5 - https:\/\/yoast.com\/product\/yoast-seo-wordpress\/ -->\n<title>La transformaci\u00f3n siempre vigente | Proagro<\/title>\n<meta name=\"robots\" content=\"index, follow, max-snippet:-1, max-image-preview:large, max-video-preview:-1\" \/>\n<link rel=\"canonical\" href=\"https:\/\/proagrolab.com.ar\/en\/la-transformacion-siempre-vigente\/\" \/>\n<meta property=\"og:locale\" content=\"en_US\" \/>\n<meta property=\"og:type\" content=\"article\" \/>\n<meta property=\"og:title\" content=\"La transformaci\u00f3n siempre vigente | Proagro\" \/>\n<meta property=\"og:description\" content=\"Estamos finalizando otro a\u00f1o cargado de desaf\u00edos y complejidades donde fue necesario continuar desarrollando la resiliencia, la flexibilidad y la capacidad de adaptaci\u00f3n, as\u00ed como incorporar nuevas habilidades y destrezas para seguir adelante. Fue as\u00ed como la adaptaci\u00f3n digital lleg\u00f3 a nuestro sector de compras a trav\u00e9s de un portal exclusivo para proveedores. Una mejora que permite que las demandas del laboratorio lleguen de manera autom\u00e1tica a los proveedores, quienes son rankeados por calidad.\u00a0Adem\u00e1s pueden gestionar en l\u00ednea toda la informaci\u00f3n y documentaci\u00f3n a trav\u00e9s de una interfaz personalizada, amigable y sencilla. &#8220;En general, casi todos los proveedores se sorprendieron cuando les informamos sobre esta implementaci\u00f3n, con muy buena aceptaci\u00f3n y felicit\u00e1ndonos por nuestro avance tecnol\u00f3gico&#8221;, coment\u00f3 el Responsable de Compras, Ra\u00fal Ferrari. &nbsp; Iniciamos y seguimos avanzando en la construcci\u00f3n de una nueva nave para Expedici\u00f3n, ubicada en nuestro espacio\u00a0en el Predio Industrial Metropolitano de P\u00e9rez. La Adscripta a Gerencia, Ana Mar\u00eda del Colle explic\u00f3 que: \u201cDebimos presentar un proyecto de inversi\u00f3n, desarrollando en papel la evoluci\u00f3n de la obra con nuestros distintos\u00a0proveedores. Se est\u00e1 evaluando la posibilidad de innovar, utilizando una pintura interior que bajar\u00eda sensiblemente la temperatura\u201d. El nuevo almac\u00e9n forma parte de un proceso de modernizaci\u00f3n [&hellip;]\" \/>\n<meta property=\"og:url\" content=\"https:\/\/proagrolab.com.ar\/la-transformacion-siempre-vigente\/\" \/>\n<meta property=\"og:site_name\" content=\"Proagro\" \/>\n<meta property=\"article:publisher\" content=\"http:\/\/www.facebook.com\/proagrolab\" \/>\n<meta property=\"article:published_time\" content=\"2021-12-22T12:24:33+00:00\" \/>\n<meta property=\"article:modified_time\" content=\"2021-12-27T14:45:36+00:00\" \/>\n<meta property=\"og:image\" content=\"https:\/\/proagrolab.com.ar\/wp-content\/uploads\/2021\/12\/Cabecera_notas-blog_fin-de-ano.jpg\" \/>\n\t<meta property=\"og:image:width\" content=\"735\" \/>\n\t<meta property=\"og:image:height\" content=\"292\" \/>\n\t<meta property=\"og:image:type\" content=\"image\/jpeg\" \/>\n<meta name=\"author\" content=\"Admin Proagro\" \/>\n<meta name=\"twitter:card\" content=\"summary_large_image\" \/>\n<meta name=\"twitter:label1\" content=\"Written by\" \/>\n\t<meta name=\"twitter:data1\" content=\"Admin Proagro\" \/>\n\t<meta name=\"twitter:label2\" content=\"Est. reading time\" \/>\n\t<meta name=\"twitter:data2\" content=\"4 minutes\" \/>\n<script type=\"application\/ld+json\" class=\"yoast-schema-graph\">{\"@context\":\"https:\\\/\\\/schema.org\",\"@graph\":[{\"@type\":\"Article\",\"@id\":\"https:\\\/\\\/proagrolab.com.ar\\\/la-transformacion-siempre-vigente\\\/#article\",\"isPartOf\":{\"@id\":\"https:\\\/\\\/proagrolab.com.ar\\\/la-transformacion-siempre-vigente\\\/\"},\"author\":{\"name\":\"Admin Proagro\",\"@id\":\"https:\\\/\\\/proagrolab.com.ar\\\/#\\\/schema\\\/person\\\/3e30f2f0f9eadcc02d50ed3664562373\"},\"headline\":\"La transformaci\u00f3n siempre vigente\",\"datePublished\":\"2021-12-22T12:24:33+00:00\",\"dateModified\":\"2021-12-27T14:45:36+00:00\",\"mainEntityOfPage\":{\"@id\":\"https:\\\/\\\/proagrolab.com.ar\\\/la-transformacion-siempre-vigente\\\/\"},\"wordCount\":715,\"commentCount\":0,\"publisher\":{\"@id\":\"https:\\\/\\\/proagrolab.com.ar\\\/#organization\"},\"image\":{\"@id\":\"https:\\\/\\\/proagrolab.com.ar\\\/la-transformacion-siempre-vigente\\\/#primaryimage\"},\"thumbnailUrl\":\"https:\\\/\\\/proagrolab.com.ar\\\/wp-content\\\/uploads\\\/2021\\\/12\\\/Cabecera_notas-blog_fin-de-ano.jpg\",\"articleSection\":[\"Institutions\"],\"inLanguage\":\"en-US\",\"potentialAction\":[{\"@type\":\"CommentAction\",\"name\":\"Comment\",\"target\":[\"https:\\\/\\\/proagrolab.com.ar\\\/la-transformacion-siempre-vigente\\\/#respond\"]}]},{\"@type\":\"WebPage\",\"@id\":\"https:\\\/\\\/proagrolab.com.ar\\\/la-transformacion-siempre-vigente\\\/\",\"url\":\"https:\\\/\\\/proagrolab.com.ar\\\/la-transformacion-siempre-vigente\\\/\",\"name\":\"La transformaci\u00f3n siempre vigente | Proagro\",\"isPartOf\":{\"@id\":\"https:\\\/\\\/proagrolab.com.ar\\\/#website\"},\"primaryImageOfPage\":{\"@id\":\"https:\\\/\\\/proagrolab.com.ar\\\/la-transformacion-siempre-vigente\\\/#primaryimage\"},\"image\":{\"@id\":\"https:\\\/\\\/proagrolab.com.ar\\\/la-transformacion-siempre-vigente\\\/#primaryimage\"},\"thumbnailUrl\":\"https:\\\/\\\/proagrolab.com.ar\\\/wp-content\\\/uploads\\\/2021\\\/12\\\/Cabecera_notas-blog_fin-de-ano.jpg\",\"datePublished\":\"2021-12-22T12:24:33+00:00\",\"dateModified\":\"2021-12-27T14:45:36+00:00\",\"breadcrumb\":{\"@id\":\"https:\\\/\\\/proagrolab.com.ar\\\/la-transformacion-siempre-vigente\\\/#breadcrumb\"},\"inLanguage\":\"en-US\",\"potentialAction\":[{\"@type\":\"ReadAction\",\"target\":[\"https:\\\/\\\/proagrolab.com.ar\\\/la-transformacion-siempre-vigente\\\/\"]}]},{\"@type\":\"ImageObject\",\"inLanguage\":\"en-US\",\"@id\":\"https:\\\/\\\/proagrolab.com.ar\\\/la-transformacion-siempre-vigente\\\/#primaryimage\",\"url\":\"https:\\\/\\\/proagrolab.com.ar\\\/wp-content\\\/uploads\\\/2021\\\/12\\\/Cabecera_notas-blog_fin-de-ano.jpg\",\"contentUrl\":\"https:\\\/\\\/proagrolab.com.ar\\\/wp-content\\\/uploads\\\/2021\\\/12\\\/Cabecera_notas-blog_fin-de-ano.jpg\",\"width\":735,\"height\":292},{\"@type\":\"BreadcrumbList\",\"@id\":\"https:\\\/\\\/proagrolab.com.ar\\\/la-transformacion-siempre-vigente\\\/#breadcrumb\",\"itemListElement\":[{\"@type\":\"ListItem\",\"position\":1,\"name\":\"Portada\",\"item\":\"https:\\\/\\\/proagrolab.com.ar\\\/\"},{\"@type\":\"ListItem\",\"position\":2,\"name\":\"La transformaci\u00f3n siempre vigente\"}]},{\"@type\":\"WebSite\",\"@id\":\"https:\\\/\\\/proagrolab.com.ar\\\/#website\",\"url\":\"https:\\\/\\\/proagrolab.com.ar\\\/\",\"name\":\"Proagro Laboratorio Veterinario\",\"description\":\"Veterinary laboratory\",\"publisher\":{\"@id\":\"https:\\\/\\\/proagrolab.com.ar\\\/#organization\"},\"potentialAction\":[{\"@type\":\"SearchAction\",\"target\":{\"@type\":\"EntryPoint\",\"urlTemplate\":\"https:\\\/\\\/proagrolab.com.ar\\\/?s={search_term_string}\"},\"query-input\":{\"@type\":\"PropertyValueSpecification\",\"valueRequired\":true,\"valueName\":\"search_term_string\"}}],\"inLanguage\":\"en-US\"},{\"@type\":\"Organization\",\"@id\":\"https:\\\/\\\/proagrolab.com.ar\\\/#organization\",\"name\":\"Proagro\",\"url\":\"https:\\\/\\\/proagrolab.com.ar\\\/\",\"logo\":{\"@type\":\"ImageObject\",\"inLanguage\":\"en-US\",\"@id\":\"https:\\\/\\\/proagrolab.com.ar\\\/#\\\/schema\\\/logo\\\/image\\\/\",\"url\":\"https:\\\/\\\/proagrolab.com.ar\\\/wp-content\\\/uploads\\\/2020\\\/04\\\/logo-retina.png\",\"contentUrl\":\"https:\\\/\\\/proagrolab.com.ar\\\/wp-content\\\/uploads\\\/2020\\\/04\\\/logo-retina.png\",\"width\":478,\"height\":120,\"caption\":\"Proagro\"},\"image\":{\"@id\":\"https:\\\/\\\/proagrolab.com.ar\\\/#\\\/schema\\\/logo\\\/image\\\/\"},\"sameAs\":[\"http:\\\/\\\/www.facebook.com\\\/proagrolab\",\"https:\\\/\\\/www.instagram.com\\\/proagrolab\\\/\",\"https:\\\/\\\/www.linkedin.com\\\/company\\\/laboratorio-proagro-s-a\\\/\"]},{\"@type\":\"Person\",\"@id\":\"https:\\\/\\\/proagrolab.com.ar\\\/#\\\/schema\\\/person\\\/3e30f2f0f9eadcc02d50ed3664562373\",\"name\":\"Admin Proagro\",\"sameAs\":[\"http:\\\/\\\/www.sistemas7g.com\"]}]}<\/script>\n<!-- \/ Yoast SEO plugin. -->","yoast_head_json":{"title":"La transformaci\u00f3n siempre vigente | Proagro","robots":{"index":"index","follow":"follow","max-snippet":"max-snippet:-1","max-image-preview":"max-image-preview:large","max-video-preview":"max-video-preview:-1"},"canonical":"https:\/\/proagrolab.com.ar\/en\/la-transformacion-siempre-vigente\/","og_locale":"en_US","og_type":"article","og_title":"La transformaci\u00f3n siempre vigente | Proagro","og_description":"Estamos finalizando otro a\u00f1o cargado de desaf\u00edos y complejidades donde fue necesario continuar desarrollando la resiliencia, la flexibilidad y la capacidad de adaptaci\u00f3n, as\u00ed como incorporar nuevas habilidades y destrezas para seguir adelante. Fue as\u00ed como la adaptaci\u00f3n digital lleg\u00f3 a nuestro sector de compras a trav\u00e9s de un portal exclusivo para proveedores. Una mejora que permite que las demandas del laboratorio lleguen de manera autom\u00e1tica a los proveedores, quienes son rankeados por calidad.\u00a0Adem\u00e1s pueden gestionar en l\u00ednea toda la informaci\u00f3n y documentaci\u00f3n a trav\u00e9s de una interfaz personalizada, amigable y sencilla. &#8220;En general, casi todos los proveedores se sorprendieron cuando les informamos sobre esta implementaci\u00f3n, con muy buena aceptaci\u00f3n y felicit\u00e1ndonos por nuestro avance tecnol\u00f3gico&#8221;, coment\u00f3 el Responsable de Compras, Ra\u00fal Ferrari. &nbsp; Iniciamos y seguimos avanzando en la construcci\u00f3n de una nueva nave para Expedici\u00f3n, ubicada en nuestro espacio\u00a0en el Predio Industrial Metropolitano de P\u00e9rez. La Adscripta a Gerencia, Ana Mar\u00eda del Colle explic\u00f3 que: \u201cDebimos presentar un proyecto de inversi\u00f3n, desarrollando en papel la evoluci\u00f3n de la obra con nuestros distintos\u00a0proveedores. Se est\u00e1 evaluando la posibilidad de innovar, utilizando una pintura interior que bajar\u00eda sensiblemente la temperatura\u201d. El nuevo almac\u00e9n forma parte de un proceso de modernizaci\u00f3n [&hellip;]","og_url":"https:\/\/proagrolab.com.ar\/la-transformacion-siempre-vigente\/","og_site_name":"Proagro","article_publisher":"http:\/\/www.facebook.com\/proagrolab","article_published_time":"2021-12-22T12:24:33+00:00","article_modified_time":"2021-12-27T14:45:36+00:00","og_image":[{"width":735,"height":292,"url":"https:\/\/proagrolab.com.ar\/wp-content\/uploads\/2021\/12\/Cabecera_notas-blog_fin-de-ano.jpg","type":"image\/jpeg"}],"author":"Admin Proagro","twitter_card":"summary_large_image","twitter_misc":{"Written by":"Admin Proagro","Est. reading time":"4 minutes"},"schema":{"@context":"https:\/\/schema.org","@graph":[{"@type":"Article","@id":"https:\/\/proagrolab.com.ar\/la-transformacion-siempre-vigente\/#article","isPartOf":{"@id":"https:\/\/proagrolab.com.ar\/la-transformacion-siempre-vigente\/"},"author":{"name":"Admin Proagro","@id":"https:\/\/proagrolab.com.ar\/#\/schema\/person\/3e30f2f0f9eadcc02d50ed3664562373"},"headline":"La transformaci\u00f3n siempre vigente","datePublished":"2021-12-22T12:24:33+00:00","dateModified":"2021-12-27T14:45:36+00:00","mainEntityOfPage":{"@id":"https:\/\/proagrolab.com.ar\/la-transformacion-siempre-vigente\/"},"wordCount":715,"commentCount":0,"publisher":{"@id":"https:\/\/proagrolab.com.ar\/#organization"},"image":{"@id":"https:\/\/proagrolab.com.ar\/la-transformacion-siempre-vigente\/#primaryimage"},"thumbnailUrl":"https:\/\/proagrolab.com.ar\/wp-content\/uploads\/2021\/12\/Cabecera_notas-blog_fin-de-ano.jpg","articleSection":["Institutions"],"inLanguage":"en-US","potentialAction":[{"@type":"CommentAction","name":"Comment","target":["https:\/\/proagrolab.com.ar\/la-transformacion-siempre-vigente\/#respond"]}]},{"@type":"WebPage","@id":"https:\/\/proagrolab.com.ar\/la-transformacion-siempre-vigente\/","url":"https:\/\/proagrolab.com.ar\/la-transformacion-siempre-vigente\/","name":"La transformaci\u00f3n siempre vigente | Proagro","isPartOf":{"@id":"https:\/\/proagrolab.com.ar\/#website"},"primaryImageOfPage":{"@id":"https:\/\/proagrolab.com.ar\/la-transformacion-siempre-vigente\/#primaryimage"},"image":{"@id":"https:\/\/proagrolab.com.ar\/la-transformacion-siempre-vigente\/#primaryimage"},"thumbnailUrl":"https:\/\/proagrolab.com.ar\/wp-content\/uploads\/2021\/12\/Cabecera_notas-blog_fin-de-ano.jpg","datePublished":"2021-12-22T12:24:33+00:00","dateModified":"2021-12-27T14:45:36+00:00","breadcrumb":{"@id":"https:\/\/proagrolab.com.ar\/la-transformacion-siempre-vigente\/#breadcrumb"},"inLanguage":"en-US","potentialAction":[{"@type":"ReadAction","target":["https:\/\/proagrolab.com.ar\/la-transformacion-siempre-vigente\/"]}]},{"@type":"ImageObject","inLanguage":"en-US","@id":"https:\/\/proagrolab.com.ar\/la-transformacion-siempre-vigente\/#primaryimage","url":"https:\/\/proagrolab.com.ar\/wp-content\/uploads\/2021\/12\/Cabecera_notas-blog_fin-de-ano.jpg","contentUrl":"https:\/\/proagrolab.com.ar\/wp-content\/uploads\/2021\/12\/Cabecera_notas-blog_fin-de-ano.jpg","width":735,"height":292},{"@type":"BreadcrumbList","@id":"https:\/\/proagrolab.com.ar\/la-transformacion-siempre-vigente\/#breadcrumb","itemListElement":[{"@type":"ListItem","position":1,"name":"Portada","item":"https:\/\/proagrolab.com.ar\/"},{"@type":"ListItem","position":2,"name":"La transformaci\u00f3n siempre vigente"}]},{"@type":"WebSite","@id":"https:\/\/proagrolab.com.ar\/#website","url":"https:\/\/proagrolab.com.ar\/","name":"Proagro Laboratorio Veterinario","description":"Veterinary laboratory","publisher":{"@id":"https:\/\/proagrolab.com.ar\/#organization"},"potentialAction":[{"@type":"SearchAction","target":{"@type":"EntryPoint","urlTemplate":"https:\/\/proagrolab.com.ar\/?s={search_term_string}"},"query-input":{"@type":"PropertyValueSpecification","valueRequired":true,"valueName":"search_term_string"}}],"inLanguage":"en-US"},{"@type":"Organization","@id":"https:\/\/proagrolab.com.ar\/#organization","name":"Proagro","url":"https:\/\/proagrolab.com.ar\/","logo":{"@type":"ImageObject","inLanguage":"en-US","@id":"https:\/\/proagrolab.com.ar\/#\/schema\/logo\/image\/","url":"https:\/\/proagrolab.com.ar\/wp-content\/uploads\/2020\/04\/logo-retina.png","contentUrl":"https:\/\/proagrolab.com.ar\/wp-content\/uploads\/2020\/04\/logo-retina.png","width":478,"height":120,"caption":"Proagro"},"image":{"@id":"https:\/\/proagrolab.com.ar\/#\/schema\/logo\/image\/"},"sameAs":["http:\/\/www.facebook.com\/proagrolab","https:\/\/www.instagram.com\/proagrolab\/","https:\/\/www.linkedin.com\/company\/laboratorio-proagro-s-a\/"]},{"@type":"Person","@id":"https:\/\/proagrolab.com.ar\/#\/schema\/person\/3e30f2f0f9eadcc02d50ed3664562373","name":"Admin Proagro","sameAs":["http:\/\/www.sistemas7g.com"]}]}},"_links":{"self":[{"href":"https:\/\/proagrolab.com.ar\/en\/wp-json\/wp\/v2\/posts\/24951","targetHints":{"allow":["GET"]}}],"collection":[{"href":"https:\/\/proagrolab.com.ar\/en\/wp-json\/wp\/v2\/posts"}],"about":[{"href":"https:\/\/proagrolab.com.ar\/en\/wp-json\/wp\/v2\/types\/post"}],"author":[{"embeddable":true,"href":"https:\/\/proagrolab.com.ar\/en\/wp-json\/wp\/v2\/users\/6"}],"replies":[{"embeddable":true,"href":"https:\/\/proagrolab.com.ar\/en\/wp-json\/wp\/v2\/comments?post=24951"}],"version-history":[{"count":6,"href":"https:\/\/proagrolab.com.ar\/en\/wp-json\/wp\/v2\/posts\/24951\/revisions"}],"predecessor-version":[{"id":25080,"href":"https:\/\/proagrolab.com.ar\/en\/wp-json\/wp\/v2\/posts\/24951\/revisions\/25080"}],"wp:featuredmedia":[{"embeddable":true,"href":"https:\/\/proagrolab.com.ar\/en\/wp-json\/wp\/v2\/media\/24952"}],"wp:attachment":[{"href":"https:\/\/proagrolab.com.ar\/en\/wp-json\/wp\/v2\/media?parent=24951"}],"wp:term":[{"taxonomy":"category","embeddable":true,"href":"https:\/\/proagrolab.com.ar\/en\/wp-json\/wp\/v2\/categories?post=24951"},{"taxonomy":"post_tag","embeddable":true,"href":"https:\/\/proagrolab.com.ar\/en\/wp-json\/wp\/v2\/tags?post=24951"}],"curies":[{"name":"wp","href":"https:\/\/api.w.org\/{rel}","templated":true}]}}