{"id":22744,"date":"2023-03-24T11:13:56","date_gmt":"2023-03-24T11:13:56","guid":{"rendered":"https:\/\/proagrolab.com.ar\/?p=22744"},"modified":"2023-04-05T12:36:33","modified_gmt":"2023-04-05T12:36:33","slug":"bichera-de-ombligo-un-problema-estacional","status":"publish","type":"post","link":"https:\/\/proagrolab.com.ar\/en\/bichera-de-ombligo-un-problema-estacional\/","title":{"rendered":"Bichera de ombligo: \u00bfun problema estacional?"},"content":{"rendered":"<p class=\"qtranxs-available-languages-message qtranxs-available-languages-message-en\"> <\/p><p><\/p>\n<p style=\"font-weight: 400;\">Desde hace ya varios a\u00f1os que las miasis, bicheras o gusaneras dejaron de ser exclusivas del verano. Aunque se agravan durante esta \u00e9poca, se ha extendido a pr\u00e1cticamente durante todo el a\u00f1o. Solamente durante el invierno, fr\u00edo mediante, disminuye la cantidad de moscas en el medio ambiente y, por consiguiente, disminuyen las bicheras.<\/p>\n<p style=\"font-weight: 400;\">Desde que la mosca pone sus huevos (queresa), hasta que se convierten en gusanos, pasan de 14 a 18 horas comenzando su proceso de destrucci\u00f3n de tejidos, facilitando la entrada de enfermedades secundarias -mediadas por bacterias- y provocando adem\u00e1s una situaci\u00f3n de stress que disminuye el sistema inmunitario. Los pr\u00f3ximos 5 a 6 d\u00edas, que es el tiempo de permanencia de esos gusanos en la herida, ombligo, piel, etc., se dedican a destruir e infectar los tejidos c\u00fataneo y muscular.<\/p>\n<p style=\"font-weight: 400;\">Por esto es que es tan necesaria una correcta vigilancia por parte del personal de campo, puesto que un ternero que estaba \u201cbien\u201d a la ma\u00f1ana, a la tarde ya puede estar \u201cabichado\u201d.<\/p>\n<p style=\"font-weight: 400;\">Hay que tener presente que no todas las miasis son iguales o est\u00e1n provocadas por la misma clase de moscas. El nombre de la mosca que causa el problema en los ombligos de los terneros es <strong>Cochliomya hominivorax<\/strong>, y es de color verde a verde azulado.<\/p>\n<p>En la cuenca lechera del centro de Argentina, los partos que se presentan entre los meses de noviembre a mayo crean condiciones favorables para la oviposici\u00f3n de C. hominivorax en la vulva traumatizada de las madres y en los ombligos de los terneros. En ausencia de tratamientos insecticidas profil\u00e1cticos, hasta el 50 % de los terneros nacidos en estos meses pueden presentar miasis umbilicales y un n\u00famero importante de \u00e9stos terminan desarrollando onfaloflebitis y artritis s\u00e9pticas (INTA Rafaela).<\/p>\n<p style=\"font-weight: 400;\"><a href=\"https:\/\/proagrolab.com.ar\/producto\/bicheron-curabicheras-plata-forte\/\"><strong>Bicher\u00f3n Curabicheras Plata Forte<\/strong><\/a> en aerosol combina organofosforado y cipermetrina, dos potentes antiparasitarios externos\u00a0 para el control de miasis. Con acci\u00f3n larvicida y repelente de moscas. Dise\u00f1ado con una v\u00e1lvula multidireccional para facilitar su manejo y formar una capa de efecto pelicular en el sitio de aplicaci\u00f3n.<\/p>\n<p><\/p>","protected":false},"excerpt":{"rendered":"<p>Desde hace ya varios a\u00f1os que las miasis, bicheras o gusaneras dejaron de ser exclusivas del verano. Aunque se agravan durante esta \u00e9poca, se ha extendido a pr\u00e1cticamente durante todo el a\u00f1o. Solamente durante el invierno, fr\u00edo mediante, disminuye la cantidad de moscas en el medio ambiente y, por consiguiente, disminuyen las bicheras. Desde que la mosca pone sus huevos (queresa), hasta que se convierten en gusanos, pasan de 14 a 18 horas comenzando su proceso de destrucci\u00f3n de tejidos, facilitando la entrada de enfermedades secundarias -mediadas por bacterias- y provocando adem\u00e1s una situaci\u00f3n de stress que disminuye el sistema inmunitario. Los pr\u00f3ximos 5 a 6 d\u00edas, que es el tiempo de permanencia de esos gusanos en la herida, ombligo, piel, etc., se dedican a destruir e infectar los tejidos c\u00fataneo y muscular. Por esto es que es tan necesaria una correcta vigilancia por parte del personal de campo, puesto que un ternero que estaba \u201cbien\u201d a la ma\u00f1ana, a la tarde ya puede estar \u201cabichado\u201d. Hay que tener presente que no todas las miasis son iguales o est\u00e1n provocadas por la misma clase de moscas. El nombre de la mosca que causa el problema en los ombligos de los [&hellip;]<\/p>\n","protected":false},"author":6,"featured_media":22771,"comment_status":"open","ping_status":"closed","sticky":false,"template":"","format":"standard","meta":{"_acf_changed":false,"footnotes":""},"categories":[473,56],"tags":[],"class_list":["post-22744","post","type-post","status-publish","format-standard","has-post-thumbnail","hentry","category-antiparasitarios","category-infoganadero"],"acf":[],"yoast_head":"<!-- This site is optimized with the Yoast SEO plugin v27.5 - https:\/\/yoast.com\/product\/yoast-seo-wordpress\/ -->\n<title>Bichera de ombligo: \u00bfun problema estacional? | Proagro<\/title>\n<meta name=\"robots\" content=\"index, follow, max-snippet:-1, max-image-preview:large, max-video-preview:-1\" \/>\n<link rel=\"canonical\" href=\"https:\/\/proagrolab.com.ar\/en\/bichera-de-ombligo-un-problema-estacional\/\" \/>\n<meta property=\"og:locale\" content=\"en_US\" \/>\n<meta property=\"og:type\" content=\"article\" \/>\n<meta property=\"og:title\" content=\"Bichera de ombligo: \u00bfun problema estacional? | Proagro\" \/>\n<meta property=\"og:description\" content=\"Desde hace ya varios a\u00f1os que las miasis, bicheras o gusaneras dejaron de ser exclusivas del verano. Aunque se agravan durante esta \u00e9poca, se ha extendido a pr\u00e1cticamente durante todo el a\u00f1o. Solamente durante el invierno, fr\u00edo mediante, disminuye la cantidad de moscas en el medio ambiente y, por consiguiente, disminuyen las bicheras. Desde que la mosca pone sus huevos (queresa), hasta que se convierten en gusanos, pasan de 14 a 18 horas comenzando su proceso de destrucci\u00f3n de tejidos, facilitando la entrada de enfermedades secundarias -mediadas por bacterias- y provocando adem\u00e1s una situaci\u00f3n de stress que disminuye el sistema inmunitario. Los pr\u00f3ximos 5 a 6 d\u00edas, que es el tiempo de permanencia de esos gusanos en la herida, ombligo, piel, etc., se dedican a destruir e infectar los tejidos c\u00fataneo y muscular. Por esto es que es tan necesaria una correcta vigilancia por parte del personal de campo, puesto que un ternero que estaba \u201cbien\u201d a la ma\u00f1ana, a la tarde ya puede estar \u201cabichado\u201d. Hay que tener presente que no todas las miasis son iguales o est\u00e1n provocadas por la misma clase de moscas. El nombre de la mosca que causa el problema en los ombligos de los [&hellip;]\" \/>\n<meta property=\"og:url\" content=\"https:\/\/proagrolab.com.ar\/bichera-de-ombligo-un-problema-estacional\/\" \/>\n<meta property=\"og:site_name\" content=\"Proagro\" \/>\n<meta property=\"article:publisher\" content=\"http:\/\/www.facebook.com\/proagrolab\" \/>\n<meta property=\"article:published_time\" content=\"2023-03-24T11:13:56+00:00\" \/>\n<meta property=\"article:modified_time\" content=\"2023-04-05T12:36:33+00:00\" \/>\n<meta property=\"og:image\" content=\"https:\/\/proagrolab.com.ar\/wp-content\/uploads\/2021\/09\/Header24-09.jpg\" \/>\n\t<meta property=\"og:image:width\" content=\"734\" \/>\n\t<meta property=\"og:image:height\" content=\"291\" \/>\n\t<meta property=\"og:image:type\" content=\"image\/jpeg\" \/>\n<meta name=\"author\" content=\"Admin Proagro\" \/>\n<meta name=\"twitter:card\" content=\"summary_large_image\" \/>\n<meta name=\"twitter:label1\" content=\"Written by\" \/>\n\t<meta name=\"twitter:data1\" content=\"Admin Proagro\" \/>\n\t<meta name=\"twitter:label2\" content=\"Est. reading time\" \/>\n\t<meta name=\"twitter:data2\" content=\"2 minutes\" \/>\n<script type=\"application\/ld+json\" class=\"yoast-schema-graph\">{\"@context\":\"https:\\\/\\\/schema.org\",\"@graph\":[{\"@type\":\"Article\",\"@id\":\"https:\\\/\\\/proagrolab.com.ar\\\/bichera-de-ombligo-un-problema-estacional\\\/#article\",\"isPartOf\":{\"@id\":\"https:\\\/\\\/proagrolab.com.ar\\\/bichera-de-ombligo-un-problema-estacional\\\/\"},\"author\":{\"name\":\"Admin Proagro\",\"@id\":\"https:\\\/\\\/proagrolab.com.ar\\\/#\\\/schema\\\/person\\\/3e30f2f0f9eadcc02d50ed3664562373\"},\"headline\":\"Bichera de ombligo: \u00bfun problema estacional?\",\"datePublished\":\"2023-03-24T11:13:56+00:00\",\"dateModified\":\"2023-04-05T12:36:33+00:00\",\"mainEntityOfPage\":{\"@id\":\"https:\\\/\\\/proagrolab.com.ar\\\/bichera-de-ombligo-un-problema-estacional\\\/\"},\"wordCount\":360,\"commentCount\":0,\"publisher\":{\"@id\":\"https:\\\/\\\/proagrolab.com.ar\\\/#organization\"},\"image\":{\"@id\":\"https:\\\/\\\/proagrolab.com.ar\\\/bichera-de-ombligo-un-problema-estacional\\\/#primaryimage\"},\"thumbnailUrl\":\"https:\\\/\\\/proagrolab.com.ar\\\/wp-content\\\/uploads\\\/2021\\\/09\\\/Header24-09.jpg\",\"articleSection\":[\"Antiparasitics\",\"News\"],\"inLanguage\":\"en-US\",\"potentialAction\":[{\"@type\":\"CommentAction\",\"name\":\"Comment\",\"target\":[\"https:\\\/\\\/proagrolab.com.ar\\\/bichera-de-ombligo-un-problema-estacional\\\/#respond\"]}]},{\"@type\":\"WebPage\",\"@id\":\"https:\\\/\\\/proagrolab.com.ar\\\/bichera-de-ombligo-un-problema-estacional\\\/\",\"url\":\"https:\\\/\\\/proagrolab.com.ar\\\/bichera-de-ombligo-un-problema-estacional\\\/\",\"name\":\"Bichera de ombligo: \u00bfun problema estacional? | Proagro\",\"isPartOf\":{\"@id\":\"https:\\\/\\\/proagrolab.com.ar\\\/#website\"},\"primaryImageOfPage\":{\"@id\":\"https:\\\/\\\/proagrolab.com.ar\\\/bichera-de-ombligo-un-problema-estacional\\\/#primaryimage\"},\"image\":{\"@id\":\"https:\\\/\\\/proagrolab.com.ar\\\/bichera-de-ombligo-un-problema-estacional\\\/#primaryimage\"},\"thumbnailUrl\":\"https:\\\/\\\/proagrolab.com.ar\\\/wp-content\\\/uploads\\\/2021\\\/09\\\/Header24-09.jpg\",\"datePublished\":\"2023-03-24T11:13:56+00:00\",\"dateModified\":\"2023-04-05T12:36:33+00:00\",\"breadcrumb\":{\"@id\":\"https:\\\/\\\/proagrolab.com.ar\\\/bichera-de-ombligo-un-problema-estacional\\\/#breadcrumb\"},\"inLanguage\":\"en-US\",\"potentialAction\":[{\"@type\":\"ReadAction\",\"target\":[\"https:\\\/\\\/proagrolab.com.ar\\\/bichera-de-ombligo-un-problema-estacional\\\/\"]}]},{\"@type\":\"ImageObject\",\"inLanguage\":\"en-US\",\"@id\":\"https:\\\/\\\/proagrolab.com.ar\\\/bichera-de-ombligo-un-problema-estacional\\\/#primaryimage\",\"url\":\"https:\\\/\\\/proagrolab.com.ar\\\/wp-content\\\/uploads\\\/2021\\\/09\\\/Header24-09.jpg\",\"contentUrl\":\"https:\\\/\\\/proagrolab.com.ar\\\/wp-content\\\/uploads\\\/2021\\\/09\\\/Header24-09.jpg\",\"width\":734,\"height\":291},{\"@type\":\"BreadcrumbList\",\"@id\":\"https:\\\/\\\/proagrolab.com.ar\\\/bichera-de-ombligo-un-problema-estacional\\\/#breadcrumb\",\"itemListElement\":[{\"@type\":\"ListItem\",\"position\":1,\"name\":\"Portada\",\"item\":\"https:\\\/\\\/proagrolab.com.ar\\\/\"},{\"@type\":\"ListItem\",\"position\":2,\"name\":\"Bichera de ombligo: \u00bfun problema estacional?\"}]},{\"@type\":\"WebSite\",\"@id\":\"https:\\\/\\\/proagrolab.com.ar\\\/#website\",\"url\":\"https:\\\/\\\/proagrolab.com.ar\\\/\",\"name\":\"Proagro Laboratorio Veterinario\",\"description\":\"Veterinary laboratory\",\"publisher\":{\"@id\":\"https:\\\/\\\/proagrolab.com.ar\\\/#organization\"},\"potentialAction\":[{\"@type\":\"SearchAction\",\"target\":{\"@type\":\"EntryPoint\",\"urlTemplate\":\"https:\\\/\\\/proagrolab.com.ar\\\/?s={search_term_string}\"},\"query-input\":{\"@type\":\"PropertyValueSpecification\",\"valueRequired\":true,\"valueName\":\"search_term_string\"}}],\"inLanguage\":\"en-US\"},{\"@type\":\"Organization\",\"@id\":\"https:\\\/\\\/proagrolab.com.ar\\\/#organization\",\"name\":\"Proagro\",\"url\":\"https:\\\/\\\/proagrolab.com.ar\\\/\",\"logo\":{\"@type\":\"ImageObject\",\"inLanguage\":\"en-US\",\"@id\":\"https:\\\/\\\/proagrolab.com.ar\\\/#\\\/schema\\\/logo\\\/image\\\/\",\"url\":\"https:\\\/\\\/proagrolab.com.ar\\\/wp-content\\\/uploads\\\/2020\\\/04\\\/logo-retina.png\",\"contentUrl\":\"https:\\\/\\\/proagrolab.com.ar\\\/wp-content\\\/uploads\\\/2020\\\/04\\\/logo-retina.png\",\"width\":478,\"height\":120,\"caption\":\"Proagro\"},\"image\":{\"@id\":\"https:\\\/\\\/proagrolab.com.ar\\\/#\\\/schema\\\/logo\\\/image\\\/\"},\"sameAs\":[\"http:\\\/\\\/www.facebook.com\\\/proagrolab\",\"https:\\\/\\\/www.instagram.com\\\/proagrolab\\\/\",\"https:\\\/\\\/www.linkedin.com\\\/company\\\/laboratorio-proagro-s-a\\\/\"]},{\"@type\":\"Person\",\"@id\":\"https:\\\/\\\/proagrolab.com.ar\\\/#\\\/schema\\\/person\\\/3e30f2f0f9eadcc02d50ed3664562373\",\"name\":\"Admin Proagro\",\"sameAs\":[\"http:\\\/\\\/www.sistemas7g.com\"]}]}<\/script>\n<!-- \/ Yoast SEO plugin. -->","yoast_head_json":{"title":"Bichera de ombligo: \u00bfun problema estacional? | Proagro","robots":{"index":"index","follow":"follow","max-snippet":"max-snippet:-1","max-image-preview":"max-image-preview:large","max-video-preview":"max-video-preview:-1"},"canonical":"https:\/\/proagrolab.com.ar\/en\/bichera-de-ombligo-un-problema-estacional\/","og_locale":"en_US","og_type":"article","og_title":"Bichera de ombligo: \u00bfun problema estacional? | Proagro","og_description":"Desde hace ya varios a\u00f1os que las miasis, bicheras o gusaneras dejaron de ser exclusivas del verano. Aunque se agravan durante esta \u00e9poca, se ha extendido a pr\u00e1cticamente durante todo el a\u00f1o. Solamente durante el invierno, fr\u00edo mediante, disminuye la cantidad de moscas en el medio ambiente y, por consiguiente, disminuyen las bicheras. Desde que la mosca pone sus huevos (queresa), hasta que se convierten en gusanos, pasan de 14 a 18 horas comenzando su proceso de destrucci\u00f3n de tejidos, facilitando la entrada de enfermedades secundarias -mediadas por bacterias- y provocando adem\u00e1s una situaci\u00f3n de stress que disminuye el sistema inmunitario. Los pr\u00f3ximos 5 a 6 d\u00edas, que es el tiempo de permanencia de esos gusanos en la herida, ombligo, piel, etc., se dedican a destruir e infectar los tejidos c\u00fataneo y muscular. Por esto es que es tan necesaria una correcta vigilancia por parte del personal de campo, puesto que un ternero que estaba \u201cbien\u201d a la ma\u00f1ana, a la tarde ya puede estar \u201cabichado\u201d. Hay que tener presente que no todas las miasis son iguales o est\u00e1n provocadas por la misma clase de moscas. El nombre de la mosca que causa el problema en los ombligos de los [&hellip;]","og_url":"https:\/\/proagrolab.com.ar\/bichera-de-ombligo-un-problema-estacional\/","og_site_name":"Proagro","article_publisher":"http:\/\/www.facebook.com\/proagrolab","article_published_time":"2023-03-24T11:13:56+00:00","article_modified_time":"2023-04-05T12:36:33+00:00","og_image":[{"width":734,"height":291,"url":"https:\/\/proagrolab.com.ar\/wp-content\/uploads\/2021\/09\/Header24-09.jpg","type":"image\/jpeg"}],"author":"Admin Proagro","twitter_card":"summary_large_image","twitter_misc":{"Written by":"Admin Proagro","Est. reading time":"2 minutes"},"schema":{"@context":"https:\/\/schema.org","@graph":[{"@type":"Article","@id":"https:\/\/proagrolab.com.ar\/bichera-de-ombligo-un-problema-estacional\/#article","isPartOf":{"@id":"https:\/\/proagrolab.com.ar\/bichera-de-ombligo-un-problema-estacional\/"},"author":{"name":"Admin Proagro","@id":"https:\/\/proagrolab.com.ar\/#\/schema\/person\/3e30f2f0f9eadcc02d50ed3664562373"},"headline":"Bichera de ombligo: \u00bfun problema estacional?","datePublished":"2023-03-24T11:13:56+00:00","dateModified":"2023-04-05T12:36:33+00:00","mainEntityOfPage":{"@id":"https:\/\/proagrolab.com.ar\/bichera-de-ombligo-un-problema-estacional\/"},"wordCount":360,"commentCount":0,"publisher":{"@id":"https:\/\/proagrolab.com.ar\/#organization"},"image":{"@id":"https:\/\/proagrolab.com.ar\/bichera-de-ombligo-un-problema-estacional\/#primaryimage"},"thumbnailUrl":"https:\/\/proagrolab.com.ar\/wp-content\/uploads\/2021\/09\/Header24-09.jpg","articleSection":["Antiparasitics","News"],"inLanguage":"en-US","potentialAction":[{"@type":"CommentAction","name":"Comment","target":["https:\/\/proagrolab.com.ar\/bichera-de-ombligo-un-problema-estacional\/#respond"]}]},{"@type":"WebPage","@id":"https:\/\/proagrolab.com.ar\/bichera-de-ombligo-un-problema-estacional\/","url":"https:\/\/proagrolab.com.ar\/bichera-de-ombligo-un-problema-estacional\/","name":"Bichera de ombligo: \u00bfun problema estacional? | Proagro","isPartOf":{"@id":"https:\/\/proagrolab.com.ar\/#website"},"primaryImageOfPage":{"@id":"https:\/\/proagrolab.com.ar\/bichera-de-ombligo-un-problema-estacional\/#primaryimage"},"image":{"@id":"https:\/\/proagrolab.com.ar\/bichera-de-ombligo-un-problema-estacional\/#primaryimage"},"thumbnailUrl":"https:\/\/proagrolab.com.ar\/wp-content\/uploads\/2021\/09\/Header24-09.jpg","datePublished":"2023-03-24T11:13:56+00:00","dateModified":"2023-04-05T12:36:33+00:00","breadcrumb":{"@id":"https:\/\/proagrolab.com.ar\/bichera-de-ombligo-un-problema-estacional\/#breadcrumb"},"inLanguage":"en-US","potentialAction":[{"@type":"ReadAction","target":["https:\/\/proagrolab.com.ar\/bichera-de-ombligo-un-problema-estacional\/"]}]},{"@type":"ImageObject","inLanguage":"en-US","@id":"https:\/\/proagrolab.com.ar\/bichera-de-ombligo-un-problema-estacional\/#primaryimage","url":"https:\/\/proagrolab.com.ar\/wp-content\/uploads\/2021\/09\/Header24-09.jpg","contentUrl":"https:\/\/proagrolab.com.ar\/wp-content\/uploads\/2021\/09\/Header24-09.jpg","width":734,"height":291},{"@type":"BreadcrumbList","@id":"https:\/\/proagrolab.com.ar\/bichera-de-ombligo-un-problema-estacional\/#breadcrumb","itemListElement":[{"@type":"ListItem","position":1,"name":"Portada","item":"https:\/\/proagrolab.com.ar\/"},{"@type":"ListItem","position":2,"name":"Bichera de ombligo: \u00bfun problema estacional?"}]},{"@type":"WebSite","@id":"https:\/\/proagrolab.com.ar\/#website","url":"https:\/\/proagrolab.com.ar\/","name":"Proagro Laboratorio Veterinario","description":"Veterinary laboratory","publisher":{"@id":"https:\/\/proagrolab.com.ar\/#organization"},"potentialAction":[{"@type":"SearchAction","target":{"@type":"EntryPoint","urlTemplate":"https:\/\/proagrolab.com.ar\/?s={search_term_string}"},"query-input":{"@type":"PropertyValueSpecification","valueRequired":true,"valueName":"search_term_string"}}],"inLanguage":"en-US"},{"@type":"Organization","@id":"https:\/\/proagrolab.com.ar\/#organization","name":"Proagro","url":"https:\/\/proagrolab.com.ar\/","logo":{"@type":"ImageObject","inLanguage":"en-US","@id":"https:\/\/proagrolab.com.ar\/#\/schema\/logo\/image\/","url":"https:\/\/proagrolab.com.ar\/wp-content\/uploads\/2020\/04\/logo-retina.png","contentUrl":"https:\/\/proagrolab.com.ar\/wp-content\/uploads\/2020\/04\/logo-retina.png","width":478,"height":120,"caption":"Proagro"},"image":{"@id":"https:\/\/proagrolab.com.ar\/#\/schema\/logo\/image\/"},"sameAs":["http:\/\/www.facebook.com\/proagrolab","https:\/\/www.instagram.com\/proagrolab\/","https:\/\/www.linkedin.com\/company\/laboratorio-proagro-s-a\/"]},{"@type":"Person","@id":"https:\/\/proagrolab.com.ar\/#\/schema\/person\/3e30f2f0f9eadcc02d50ed3664562373","name":"Admin Proagro","sameAs":["http:\/\/www.sistemas7g.com"]}]}},"_links":{"self":[{"href":"https:\/\/proagrolab.com.ar\/en\/wp-json\/wp\/v2\/posts\/22744","targetHints":{"allow":["GET"]}}],"collection":[{"href":"https:\/\/proagrolab.com.ar\/en\/wp-json\/wp\/v2\/posts"}],"about":[{"href":"https:\/\/proagrolab.com.ar\/en\/wp-json\/wp\/v2\/types\/post"}],"author":[{"embeddable":true,"href":"https:\/\/proagrolab.com.ar\/en\/wp-json\/wp\/v2\/users\/6"}],"replies":[{"embeddable":true,"href":"https:\/\/proagrolab.com.ar\/en\/wp-json\/wp\/v2\/comments?post=22744"}],"version-history":[{"count":4,"href":"https:\/\/proagrolab.com.ar\/en\/wp-json\/wp\/v2\/posts\/22744\/revisions"}],"predecessor-version":[{"id":22773,"href":"https:\/\/proagrolab.com.ar\/en\/wp-json\/wp\/v2\/posts\/22744\/revisions\/22773"}],"wp:featuredmedia":[{"embeddable":true,"href":"https:\/\/proagrolab.com.ar\/en\/wp-json\/wp\/v2\/media\/22771"}],"wp:attachment":[{"href":"https:\/\/proagrolab.com.ar\/en\/wp-json\/wp\/v2\/media?parent=22744"}],"wp:term":[{"taxonomy":"category","embeddable":true,"href":"https:\/\/proagrolab.com.ar\/en\/wp-json\/wp\/v2\/categories?post=22744"},{"taxonomy":"post_tag","embeddable":true,"href":"https:\/\/proagrolab.com.ar\/en\/wp-json\/wp\/v2\/tags?post=22744"}],"curies":[{"name":"wp","href":"https:\/\/api.w.org\/{rel}","templated":true}]}}