{"id":200065,"date":"2023-12-29T13:58:11","date_gmt":"2023-12-29T13:58:11","guid":{"rendered":"https:\/\/proagrolab.com.ar\/?p=200065"},"modified":"2023-12-29T13:58:11","modified_gmt":"2023-12-29T13:58:11","slug":"ganaderia-2024-se-proyecta-una-caida-del-nivel-de-faena-y-se-acercaria-a-la-pospandemia","status":"publish","type":"post","link":"https:\/\/proagrolab.com.ar\/en\/ganaderia-2024-se-proyecta-una-caida-del-nivel-de-faena-y-se-acercaria-a-la-pospandemia\/","title":{"rendered":"Ganader\u00eda 2024: se proyecta una ca\u00edda del nivel de faena y se acercar\u00eda a la pospandemia"},"content":{"rendered":"<p class=\"qtranxs-available-languages-message qtranxs-available-languages-message-en\"> <\/p><p><\/p>\n<p>La ganader\u00eda termina un a\u00f1o malo. La sequ\u00eda castig\u00f3 al sector que debi\u00f3\u00a0<strong>afrontar una necesidad de desprenderse de animales por la falta de alimentos y aumento de este insumo.<\/strong><\/p>\n<p><strong>Las perspectivas para 2024 son complejas.<\/strong>\u00a0En l\u00edneas generales, Rosgan manifest\u00f3 que se espera un sector con una menor oferta, pero tambi\u00e9n con una menor demanda.<\/p>\n<p>Al analizar los niveles de faena, el pr\u00f3ximo a\u00f1o ser\u00eda similar a 2021,<strong>\u00a0con un nivel de faena de 13,2 millones de cabezas.<\/strong>\u00a0Sin embargo, el consumidor no tendr\u00e1 el mismo poder de compra, por lo que se espera una merma en la demanda.<\/p>\n<p>\u201cConsiderando la menor cantidad de terneros que estar\u00eda ingresando a los sistemas de engorde,\u00a0as\u00ed como tambi\u00e9n una moderada retenci\u00f3n de vientres, estimamos que el nivel de faena en 2024 podr\u00eda resultar inferior a la de los \u00faltimos dos a\u00f1os, situ\u00e1ndose preliminarmente en torno a los 13,2 millones de cabezas\u201d, sostuvo Rosgan.\u00a0<\/p>\n<p>Adem\u00e1s, plante\u00f3 que, a pesar de\u00a0<strong>esperar una recuperaci\u00f3n de los pesos medios de faena<\/strong>, se proyecta una producci\u00f3n anual de carne vacuna cercana a los 3 millones de toneladas. \u201cEl escenario proyectado nos remite a cifras similares a las observadas en 2021, a\u00f1o caracterizado por una marcada restricci\u00f3n de oferta.\u00a0<\/p>\n<div id=\"body-2\">\n<div id=\"body-2\" class=\"body-2 mt-20\">\n<p><iframe loading=\"lazy\" title=\"Interactive or visual content\" src=\"https:\/\/flo.uri.sh\/visualisation\/16268982\/embed\" width=\"320\" height=\"240\" frameborder=\"0\" scrolling=\"no\" data-mce-fragment=\"1\"><\/iframe><\/p>\n<p>El informe tambi\u00e9n pone el ojo sobre la demanda. Al comprar en 2021,\u00a0el mercado Rosgan ve una diferencia sustancial con aquel a\u00f1o pospandemia.\u00a0<\/p>\n<p>\u201cDos a\u00f1os atr\u00e1s, con un mundo comenzando a salir de una pandemia, el consumo era incentivado de manera generalizada por parte de los distintos gobiernos como mecanismo para volver a dinamizar la actividad econ\u00f3mica\u201d, plante\u00f3; al mismo tiempo, que\u00a0record\u00f3 la suspensi\u00f3n de las exportaciones de carne.<\/p>\n<p>\u201cEl consumidor, ante aumentos en los precios, segu\u00eda mostrando una fuerte resistencia a bajar su consumo. Hoy no est\u00e1 claro cu\u00e1nto m\u00e1s pueda resistir el consumidor local sin comenzar a restringir su ingesta de carne\u201d, se\u00f1al\u00f3 el informe al\u00a0<strong>incremento que tuvo el kilo de carne vacuna y la ca\u00edda real del salario.<\/strong><\/p>\n<p>\u201cEl reciente ajuste que acabamos de ver en los precios de la hacienda, producto de un consumidor sumamente reticente a convalidar las \u00faltimas subas, nos da una primera se\u00f1al de la respuesta que podr\u00edamos esperar por parte del mercado local en los pr\u00f3ximos meses\u201d, plante\u00f3.<\/p>\n<\/div>\n<\/div>\n<div id=\"body-3\"><img loading=\"lazy\" decoding=\"async\" class=\"alignleft\" src=\"https:\/\/admin-news.agrofy.com.ar\/sites\/default\/files\/screenhunter_381_dec._26_15.12.jpg\" sizes=\"auto, 100vw\" srcset=\"https:\/\/admin-news.agrofy.com.ar\/sites\/default\/files\/screenhunter_381_dec._26_15.12.jpg 640w, https:\/\/admin-news.agrofy.com.ar\/sites\/default\/files\/screenhunter_381_dec._26_15.12.jpg 750w, https:\/\/admin-news.agrofy.com.ar\/sites\/default\/files\/screenhunter_381_dec._26_15.12.jpg 828w, https:\/\/admin-news.agrofy.com.ar\/sites\/default\/files\/screenhunter_381_dec._26_15.12.jpg 1080w, https:\/\/admin-news.agrofy.com.ar\/sites\/default\/files\/screenhunter_381_dec._26_15.12.jpg 1200w, https:\/\/admin-news.agrofy.com.ar\/sites\/default\/files\/screenhunter_381_dec._26_15.12.jpg 1920w, https:\/\/admin-news.agrofy.com.ar\/sites\/default\/files\/screenhunter_381_dec._26_15.12.jpg 2048w, https:\/\/admin-news.agrofy.com.ar\/sites\/default\/files\/screenhunter_381_dec._26_15.12.jpg 3840w\" alt=\"\" width=\"369\" height=\"298\" data-nimg=\"responsive\" \/><\/p>\n<div id=\"body-3\" class=\"body-3 mt-20\">\n<p>En lo que respecta a la exportaci\u00f3n,<strong>\u00a0la devaluaci\u00f3n de la moneda permiti\u00f3 al sector una mayor competitividad.<\/strong>\u00a0\u201cSin embargo, no est\u00e1 claro cu\u00e1n r\u00e1pido podr\u00eda ir erosionando esa mayor competitividad cambiaria en la medida que el resto de los costos internos sigan viajando a tasas de inflaci\u00f3n mensuales de dos d\u00edgitos\u201d, sostuvo Rosgan.<\/p>\n<p>Ante este escenario, se estima que la exportaci\u00f3n presione para sostener los niveles de actividad conseguidos este a\u00f1o para diluir los pesados costos de estructura que recaer\u00e1 sobre la operaci\u00f3n. \u201cNo descartamos un escenario en el cual la exportaci\u00f3n siga ganando participaci\u00f3n de mercado en detrimento del consumo local\u201d, explic\u00f3 el informe de la entidad rosarina.<\/p>\n<p>Las proyecciones para 2024 muestran a un consumo interno debilitado que podr\u00eda perforar los 45 kilos per c\u00e1pita. La demanda presenta incertidumbre sobre el escenario que se aproxima, mientras que los n\u00fameros caen cercanos a 2021.<\/p>\n<p>Fuente: <a href=\"https:\/\/news.agrofy.com.ar\/noticia\/207844\/ganaderia-2024-se-proyecta-caida-nivel-faena-y-se-acercaria-pospandemia\">https:\/\/news.agrofy.com.ar\/noticia\/207844\/ganaderia-2024-se-proyecta-caida-nivel-faena-y-se-acercaria-pospandemia<\/a><\/p>\n<\/div>\n<\/div>\n<p><\/p>","protected":false},"excerpt":{"rendered":"<p>La ganader\u00eda termina un a\u00f1o malo. La sequ\u00eda castig\u00f3 al sector que debi\u00f3\u00a0afrontar una necesidad de desprenderse de animales por la falta de alimentos y aumento de este insumo. Las perspectivas para 2024 son complejas.\u00a0En l\u00edneas generales, Rosgan manifest\u00f3 que se espera un sector con una menor oferta, pero tambi\u00e9n con una menor demanda. Al analizar los niveles de faena, el pr\u00f3ximo a\u00f1o ser\u00eda similar a 2021,\u00a0con un nivel de faena de 13,2 millones de cabezas.\u00a0Sin embargo, el consumidor no tendr\u00e1 el mismo poder de compra, por lo que se espera una merma en la demanda. \u201cConsiderando la menor cantidad de terneros que estar\u00eda ingresando a los sistemas de engorde,\u00a0as\u00ed como tambi\u00e9n una moderada retenci\u00f3n de vientres, estimamos que el nivel de faena en 2024 podr\u00eda resultar inferior a la de los \u00faltimos dos a\u00f1os, situ\u00e1ndose preliminarmente en torno a los 13,2 millones de cabezas\u201d, sostuvo Rosgan.\u00a0 Adem\u00e1s, plante\u00f3 que, a pesar de\u00a0esperar una recuperaci\u00f3n de los pesos medios de faena, se proyecta una producci\u00f3n anual de carne vacuna cercana a los 3 millones de toneladas. \u201cEl escenario proyectado nos remite a cifras similares a las observadas en 2021, a\u00f1o caracterizado por una marcada restricci\u00f3n de oferta.\u00a0 El informe tambi\u00e9n [&hellip;]<\/p>\n","protected":false},"author":6,"featured_media":200084,"comment_status":"open","ping_status":"closed","sticky":false,"template":"","format":"standard","meta":{"_acf_changed":false,"footnotes":""},"categories":[56],"tags":[],"class_list":["post-200065","post","type-post","status-publish","format-standard","has-post-thumbnail","hentry","category-infoganadero"],"acf":[],"yoast_head":"<!-- This site is optimized with the Yoast SEO plugin v27.5 - https:\/\/yoast.com\/product\/yoast-seo-wordpress\/ -->\n<title>Ganader\u00eda 2024: se proyecta una ca\u00edda del nivel de faena y se acercar\u00eda a la pospandemia | Proagro<\/title>\n<meta name=\"robots\" content=\"index, follow, max-snippet:-1, max-image-preview:large, max-video-preview:-1\" \/>\n<link rel=\"canonical\" href=\"https:\/\/proagrolab.com.ar\/en\/ganaderia-2024-se-proyecta-una-caida-del-nivel-de-faena-y-se-acercaria-a-la-pospandemia\/\" \/>\n<meta property=\"og:locale\" content=\"en_US\" \/>\n<meta property=\"og:type\" content=\"article\" \/>\n<meta property=\"og:title\" content=\"Ganader\u00eda 2024: se proyecta una ca\u00edda del nivel de faena y se acercar\u00eda a la pospandemia | Proagro\" \/>\n<meta property=\"og:description\" content=\"La ganader\u00eda termina un a\u00f1o malo. La sequ\u00eda castig\u00f3 al sector que debi\u00f3\u00a0afrontar una necesidad de desprenderse de animales por la falta de alimentos y aumento de este insumo. Las perspectivas para 2024 son complejas.\u00a0En l\u00edneas generales, Rosgan manifest\u00f3 que se espera un sector con una menor oferta, pero tambi\u00e9n con una menor demanda. Al analizar los niveles de faena, el pr\u00f3ximo a\u00f1o ser\u00eda similar a 2021,\u00a0con un nivel de faena de 13,2 millones de cabezas.\u00a0Sin embargo, el consumidor no tendr\u00e1 el mismo poder de compra, por lo que se espera una merma en la demanda. \u201cConsiderando la menor cantidad de terneros que estar\u00eda ingresando a los sistemas de engorde,\u00a0as\u00ed como tambi\u00e9n una moderada retenci\u00f3n de vientres, estimamos que el nivel de faena en 2024 podr\u00eda resultar inferior a la de los \u00faltimos dos a\u00f1os, situ\u00e1ndose preliminarmente en torno a los 13,2 millones de cabezas\u201d, sostuvo Rosgan.\u00a0 Adem\u00e1s, plante\u00f3 que, a pesar de\u00a0esperar una recuperaci\u00f3n de los pesos medios de faena, se proyecta una producci\u00f3n anual de carne vacuna cercana a los 3 millones de toneladas. \u201cEl escenario proyectado nos remite a cifras similares a las observadas en 2021, a\u00f1o caracterizado por una marcada restricci\u00f3n de oferta.\u00a0 El informe tambi\u00e9n [&hellip;]\" \/>\n<meta property=\"og:url\" content=\"https:\/\/proagrolab.com.ar\/ganaderia-2024-se-proyecta-una-caida-del-nivel-de-faena-y-se-acercaria-a-la-pospandemia\/\" \/>\n<meta property=\"og:site_name\" content=\"Proagro\" \/>\n<meta property=\"article:publisher\" content=\"http:\/\/www.facebook.com\/proagrolab\" \/>\n<meta property=\"article:published_time\" content=\"2023-12-29T13:58:11+00:00\" \/>\n<meta property=\"og:image\" content=\"https:\/\/proagrolab.com.ar\/wp-content\/uploads\/2023\/12\/Banner10.jpg\" \/>\n\t<meta property=\"og:image:width\" content=\"734\" \/>\n\t<meta property=\"og:image:height\" content=\"291\" \/>\n\t<meta property=\"og:image:type\" content=\"image\/jpeg\" \/>\n<meta name=\"author\" content=\"Admin Proagro\" \/>\n<meta name=\"twitter:card\" content=\"summary_large_image\" \/>\n<meta name=\"twitter:label1\" content=\"Written by\" \/>\n\t<meta name=\"twitter:data1\" content=\"Admin Proagro\" \/>\n\t<meta name=\"twitter:label2\" content=\"Est. reading time\" \/>\n\t<meta name=\"twitter:data2\" content=\"3 minutes\" \/>\n<script type=\"application\/ld+json\" class=\"yoast-schema-graph\">{\"@context\":\"https:\\\/\\\/schema.org\",\"@graph\":[{\"@type\":\"Article\",\"@id\":\"https:\\\/\\\/proagrolab.com.ar\\\/ganaderia-2024-se-proyecta-una-caida-del-nivel-de-faena-y-se-acercaria-a-la-pospandemia\\\/#article\",\"isPartOf\":{\"@id\":\"https:\\\/\\\/proagrolab.com.ar\\\/ganaderia-2024-se-proyecta-una-caida-del-nivel-de-faena-y-se-acercaria-a-la-pospandemia\\\/\"},\"author\":{\"name\":\"Admin Proagro\",\"@id\":\"https:\\\/\\\/proagrolab.com.ar\\\/#\\\/schema\\\/person\\\/3e30f2f0f9eadcc02d50ed3664562373\"},\"headline\":\"Ganader\u00eda 2024: se proyecta una ca\u00edda del nivel de faena y se acercar\u00eda a la pospandemia\",\"datePublished\":\"2023-12-29T13:58:11+00:00\",\"mainEntityOfPage\":{\"@id\":\"https:\\\/\\\/proagrolab.com.ar\\\/ganaderia-2024-se-proyecta-una-caida-del-nivel-de-faena-y-se-acercaria-a-la-pospandemia\\\/\"},\"wordCount\":584,\"commentCount\":0,\"publisher\":{\"@id\":\"https:\\\/\\\/proagrolab.com.ar\\\/#organization\"},\"image\":{\"@id\":\"https:\\\/\\\/proagrolab.com.ar\\\/ganaderia-2024-se-proyecta-una-caida-del-nivel-de-faena-y-se-acercaria-a-la-pospandemia\\\/#primaryimage\"},\"thumbnailUrl\":\"https:\\\/\\\/proagrolab.com.ar\\\/wp-content\\\/uploads\\\/2023\\\/12\\\/Banner10.jpg\",\"articleSection\":[\"News\"],\"inLanguage\":\"en-US\",\"potentialAction\":[{\"@type\":\"CommentAction\",\"name\":\"Comment\",\"target\":[\"https:\\\/\\\/proagrolab.com.ar\\\/ganaderia-2024-se-proyecta-una-caida-del-nivel-de-faena-y-se-acercaria-a-la-pospandemia\\\/#respond\"]}]},{\"@type\":\"WebPage\",\"@id\":\"https:\\\/\\\/proagrolab.com.ar\\\/ganaderia-2024-se-proyecta-una-caida-del-nivel-de-faena-y-se-acercaria-a-la-pospandemia\\\/\",\"url\":\"https:\\\/\\\/proagrolab.com.ar\\\/ganaderia-2024-se-proyecta-una-caida-del-nivel-de-faena-y-se-acercaria-a-la-pospandemia\\\/\",\"name\":\"Ganader\u00eda 2024: se proyecta una ca\u00edda del nivel de faena y se acercar\u00eda a la pospandemia | Proagro\",\"isPartOf\":{\"@id\":\"https:\\\/\\\/proagrolab.com.ar\\\/#website\"},\"primaryImageOfPage\":{\"@id\":\"https:\\\/\\\/proagrolab.com.ar\\\/ganaderia-2024-se-proyecta-una-caida-del-nivel-de-faena-y-se-acercaria-a-la-pospandemia\\\/#primaryimage\"},\"image\":{\"@id\":\"https:\\\/\\\/proagrolab.com.ar\\\/ganaderia-2024-se-proyecta-una-caida-del-nivel-de-faena-y-se-acercaria-a-la-pospandemia\\\/#primaryimage\"},\"thumbnailUrl\":\"https:\\\/\\\/proagrolab.com.ar\\\/wp-content\\\/uploads\\\/2023\\\/12\\\/Banner10.jpg\",\"datePublished\":\"2023-12-29T13:58:11+00:00\",\"breadcrumb\":{\"@id\":\"https:\\\/\\\/proagrolab.com.ar\\\/ganaderia-2024-se-proyecta-una-caida-del-nivel-de-faena-y-se-acercaria-a-la-pospandemia\\\/#breadcrumb\"},\"inLanguage\":\"en-US\",\"potentialAction\":[{\"@type\":\"ReadAction\",\"target\":[\"https:\\\/\\\/proagrolab.com.ar\\\/ganaderia-2024-se-proyecta-una-caida-del-nivel-de-faena-y-se-acercaria-a-la-pospandemia\\\/\"]}]},{\"@type\":\"ImageObject\",\"inLanguage\":\"en-US\",\"@id\":\"https:\\\/\\\/proagrolab.com.ar\\\/ganaderia-2024-se-proyecta-una-caida-del-nivel-de-faena-y-se-acercaria-a-la-pospandemia\\\/#primaryimage\",\"url\":\"https:\\\/\\\/proagrolab.com.ar\\\/wp-content\\\/uploads\\\/2023\\\/12\\\/Banner10.jpg\",\"contentUrl\":\"https:\\\/\\\/proagrolab.com.ar\\\/wp-content\\\/uploads\\\/2023\\\/12\\\/Banner10.jpg\",\"width\":734,\"height\":291},{\"@type\":\"BreadcrumbList\",\"@id\":\"https:\\\/\\\/proagrolab.com.ar\\\/ganaderia-2024-se-proyecta-una-caida-del-nivel-de-faena-y-se-acercaria-a-la-pospandemia\\\/#breadcrumb\",\"itemListElement\":[{\"@type\":\"ListItem\",\"position\":1,\"name\":\"Portada\",\"item\":\"https:\\\/\\\/proagrolab.com.ar\\\/\"},{\"@type\":\"ListItem\",\"position\":2,\"name\":\"Ganader\u00eda 2024: se proyecta una ca\u00edda del nivel de faena y se acercar\u00eda a la pospandemia\"}]},{\"@type\":\"WebSite\",\"@id\":\"https:\\\/\\\/proagrolab.com.ar\\\/#website\",\"url\":\"https:\\\/\\\/proagrolab.com.ar\\\/\",\"name\":\"Proagro Laboratorio Veterinario\",\"description\":\"Veterinary laboratory\",\"publisher\":{\"@id\":\"https:\\\/\\\/proagrolab.com.ar\\\/#organization\"},\"potentialAction\":[{\"@type\":\"SearchAction\",\"target\":{\"@type\":\"EntryPoint\",\"urlTemplate\":\"https:\\\/\\\/proagrolab.com.ar\\\/?s={search_term_string}\"},\"query-input\":{\"@type\":\"PropertyValueSpecification\",\"valueRequired\":true,\"valueName\":\"search_term_string\"}}],\"inLanguage\":\"en-US\"},{\"@type\":\"Organization\",\"@id\":\"https:\\\/\\\/proagrolab.com.ar\\\/#organization\",\"name\":\"Proagro\",\"url\":\"https:\\\/\\\/proagrolab.com.ar\\\/\",\"logo\":{\"@type\":\"ImageObject\",\"inLanguage\":\"en-US\",\"@id\":\"https:\\\/\\\/proagrolab.com.ar\\\/#\\\/schema\\\/logo\\\/image\\\/\",\"url\":\"https:\\\/\\\/proagrolab.com.ar\\\/wp-content\\\/uploads\\\/2020\\\/04\\\/logo-retina.png\",\"contentUrl\":\"https:\\\/\\\/proagrolab.com.ar\\\/wp-content\\\/uploads\\\/2020\\\/04\\\/logo-retina.png\",\"width\":478,\"height\":120,\"caption\":\"Proagro\"},\"image\":{\"@id\":\"https:\\\/\\\/proagrolab.com.ar\\\/#\\\/schema\\\/logo\\\/image\\\/\"},\"sameAs\":[\"http:\\\/\\\/www.facebook.com\\\/proagrolab\",\"https:\\\/\\\/www.instagram.com\\\/proagrolab\\\/\",\"https:\\\/\\\/www.linkedin.com\\\/company\\\/laboratorio-proagro-s-a\\\/\"]},{\"@type\":\"Person\",\"@id\":\"https:\\\/\\\/proagrolab.com.ar\\\/#\\\/schema\\\/person\\\/3e30f2f0f9eadcc02d50ed3664562373\",\"name\":\"Admin Proagro\",\"sameAs\":[\"http:\\\/\\\/www.sistemas7g.com\"]}]}<\/script>\n<!-- \/ Yoast SEO plugin. -->","yoast_head_json":{"title":"Ganader\u00eda 2024: se proyecta una ca\u00edda del nivel de faena y se acercar\u00eda a la pospandemia | Proagro","robots":{"index":"index","follow":"follow","max-snippet":"max-snippet:-1","max-image-preview":"max-image-preview:large","max-video-preview":"max-video-preview:-1"},"canonical":"https:\/\/proagrolab.com.ar\/en\/ganaderia-2024-se-proyecta-una-caida-del-nivel-de-faena-y-se-acercaria-a-la-pospandemia\/","og_locale":"en_US","og_type":"article","og_title":"Ganader\u00eda 2024: se proyecta una ca\u00edda del nivel de faena y se acercar\u00eda a la pospandemia | Proagro","og_description":"La ganader\u00eda termina un a\u00f1o malo. La sequ\u00eda castig\u00f3 al sector que debi\u00f3\u00a0afrontar una necesidad de desprenderse de animales por la falta de alimentos y aumento de este insumo. Las perspectivas para 2024 son complejas.\u00a0En l\u00edneas generales, Rosgan manifest\u00f3 que se espera un sector con una menor oferta, pero tambi\u00e9n con una menor demanda. Al analizar los niveles de faena, el pr\u00f3ximo a\u00f1o ser\u00eda similar a 2021,\u00a0con un nivel de faena de 13,2 millones de cabezas.\u00a0Sin embargo, el consumidor no tendr\u00e1 el mismo poder de compra, por lo que se espera una merma en la demanda. \u201cConsiderando la menor cantidad de terneros que estar\u00eda ingresando a los sistemas de engorde,\u00a0as\u00ed como tambi\u00e9n una moderada retenci\u00f3n de vientres, estimamos que el nivel de faena en 2024 podr\u00eda resultar inferior a la de los \u00faltimos dos a\u00f1os, situ\u00e1ndose preliminarmente en torno a los 13,2 millones de cabezas\u201d, sostuvo Rosgan.\u00a0 Adem\u00e1s, plante\u00f3 que, a pesar de\u00a0esperar una recuperaci\u00f3n de los pesos medios de faena, se proyecta una producci\u00f3n anual de carne vacuna cercana a los 3 millones de toneladas. \u201cEl escenario proyectado nos remite a cifras similares a las observadas en 2021, a\u00f1o caracterizado por una marcada restricci\u00f3n de oferta.\u00a0 El informe tambi\u00e9n [&hellip;]","og_url":"https:\/\/proagrolab.com.ar\/ganaderia-2024-se-proyecta-una-caida-del-nivel-de-faena-y-se-acercaria-a-la-pospandemia\/","og_site_name":"Proagro","article_publisher":"http:\/\/www.facebook.com\/proagrolab","article_published_time":"2023-12-29T13:58:11+00:00","og_image":[{"width":734,"height":291,"url":"https:\/\/proagrolab.com.ar\/wp-content\/uploads\/2023\/12\/Banner10.jpg","type":"image\/jpeg"}],"author":"Admin Proagro","twitter_card":"summary_large_image","twitter_misc":{"Written by":"Admin Proagro","Est. reading time":"3 minutes"},"schema":{"@context":"https:\/\/schema.org","@graph":[{"@type":"Article","@id":"https:\/\/proagrolab.com.ar\/ganaderia-2024-se-proyecta-una-caida-del-nivel-de-faena-y-se-acercaria-a-la-pospandemia\/#article","isPartOf":{"@id":"https:\/\/proagrolab.com.ar\/ganaderia-2024-se-proyecta-una-caida-del-nivel-de-faena-y-se-acercaria-a-la-pospandemia\/"},"author":{"name":"Admin Proagro","@id":"https:\/\/proagrolab.com.ar\/#\/schema\/person\/3e30f2f0f9eadcc02d50ed3664562373"},"headline":"Ganader\u00eda 2024: se proyecta una ca\u00edda del nivel de faena y se acercar\u00eda a la pospandemia","datePublished":"2023-12-29T13:58:11+00:00","mainEntityOfPage":{"@id":"https:\/\/proagrolab.com.ar\/ganaderia-2024-se-proyecta-una-caida-del-nivel-de-faena-y-se-acercaria-a-la-pospandemia\/"},"wordCount":584,"commentCount":0,"publisher":{"@id":"https:\/\/proagrolab.com.ar\/#organization"},"image":{"@id":"https:\/\/proagrolab.com.ar\/ganaderia-2024-se-proyecta-una-caida-del-nivel-de-faena-y-se-acercaria-a-la-pospandemia\/#primaryimage"},"thumbnailUrl":"https:\/\/proagrolab.com.ar\/wp-content\/uploads\/2023\/12\/Banner10.jpg","articleSection":["News"],"inLanguage":"en-US","potentialAction":[{"@type":"CommentAction","name":"Comment","target":["https:\/\/proagrolab.com.ar\/ganaderia-2024-se-proyecta-una-caida-del-nivel-de-faena-y-se-acercaria-a-la-pospandemia\/#respond"]}]},{"@type":"WebPage","@id":"https:\/\/proagrolab.com.ar\/ganaderia-2024-se-proyecta-una-caida-del-nivel-de-faena-y-se-acercaria-a-la-pospandemia\/","url":"https:\/\/proagrolab.com.ar\/ganaderia-2024-se-proyecta-una-caida-del-nivel-de-faena-y-se-acercaria-a-la-pospandemia\/","name":"Ganader\u00eda 2024: se proyecta una ca\u00edda del nivel de faena y se acercar\u00eda a la pospandemia | Proagro","isPartOf":{"@id":"https:\/\/proagrolab.com.ar\/#website"},"primaryImageOfPage":{"@id":"https:\/\/proagrolab.com.ar\/ganaderia-2024-se-proyecta-una-caida-del-nivel-de-faena-y-se-acercaria-a-la-pospandemia\/#primaryimage"},"image":{"@id":"https:\/\/proagrolab.com.ar\/ganaderia-2024-se-proyecta-una-caida-del-nivel-de-faena-y-se-acercaria-a-la-pospandemia\/#primaryimage"},"thumbnailUrl":"https:\/\/proagrolab.com.ar\/wp-content\/uploads\/2023\/12\/Banner10.jpg","datePublished":"2023-12-29T13:58:11+00:00","breadcrumb":{"@id":"https:\/\/proagrolab.com.ar\/ganaderia-2024-se-proyecta-una-caida-del-nivel-de-faena-y-se-acercaria-a-la-pospandemia\/#breadcrumb"},"inLanguage":"en-US","potentialAction":[{"@type":"ReadAction","target":["https:\/\/proagrolab.com.ar\/ganaderia-2024-se-proyecta-una-caida-del-nivel-de-faena-y-se-acercaria-a-la-pospandemia\/"]}]},{"@type":"ImageObject","inLanguage":"en-US","@id":"https:\/\/proagrolab.com.ar\/ganaderia-2024-se-proyecta-una-caida-del-nivel-de-faena-y-se-acercaria-a-la-pospandemia\/#primaryimage","url":"https:\/\/proagrolab.com.ar\/wp-content\/uploads\/2023\/12\/Banner10.jpg","contentUrl":"https:\/\/proagrolab.com.ar\/wp-content\/uploads\/2023\/12\/Banner10.jpg","width":734,"height":291},{"@type":"BreadcrumbList","@id":"https:\/\/proagrolab.com.ar\/ganaderia-2024-se-proyecta-una-caida-del-nivel-de-faena-y-se-acercaria-a-la-pospandemia\/#breadcrumb","itemListElement":[{"@type":"ListItem","position":1,"name":"Portada","item":"https:\/\/proagrolab.com.ar\/"},{"@type":"ListItem","position":2,"name":"Ganader\u00eda 2024: se proyecta una ca\u00edda del nivel de faena y se acercar\u00eda a la pospandemia"}]},{"@type":"WebSite","@id":"https:\/\/proagrolab.com.ar\/#website","url":"https:\/\/proagrolab.com.ar\/","name":"Proagro Laboratorio Veterinario","description":"Veterinary laboratory","publisher":{"@id":"https:\/\/proagrolab.com.ar\/#organization"},"potentialAction":[{"@type":"SearchAction","target":{"@type":"EntryPoint","urlTemplate":"https:\/\/proagrolab.com.ar\/?s={search_term_string}"},"query-input":{"@type":"PropertyValueSpecification","valueRequired":true,"valueName":"search_term_string"}}],"inLanguage":"en-US"},{"@type":"Organization","@id":"https:\/\/proagrolab.com.ar\/#organization","name":"Proagro","url":"https:\/\/proagrolab.com.ar\/","logo":{"@type":"ImageObject","inLanguage":"en-US","@id":"https:\/\/proagrolab.com.ar\/#\/schema\/logo\/image\/","url":"https:\/\/proagrolab.com.ar\/wp-content\/uploads\/2020\/04\/logo-retina.png","contentUrl":"https:\/\/proagrolab.com.ar\/wp-content\/uploads\/2020\/04\/logo-retina.png","width":478,"height":120,"caption":"Proagro"},"image":{"@id":"https:\/\/proagrolab.com.ar\/#\/schema\/logo\/image\/"},"sameAs":["http:\/\/www.facebook.com\/proagrolab","https:\/\/www.instagram.com\/proagrolab\/","https:\/\/www.linkedin.com\/company\/laboratorio-proagro-s-a\/"]},{"@type":"Person","@id":"https:\/\/proagrolab.com.ar\/#\/schema\/person\/3e30f2f0f9eadcc02d50ed3664562373","name":"Admin Proagro","sameAs":["http:\/\/www.sistemas7g.com"]}]}},"_links":{"self":[{"href":"https:\/\/proagrolab.com.ar\/en\/wp-json\/wp\/v2\/posts\/200065","targetHints":{"allow":["GET"]}}],"collection":[{"href":"https:\/\/proagrolab.com.ar\/en\/wp-json\/wp\/v2\/posts"}],"about":[{"href":"https:\/\/proagrolab.com.ar\/en\/wp-json\/wp\/v2\/types\/post"}],"author":[{"embeddable":true,"href":"https:\/\/proagrolab.com.ar\/en\/wp-json\/wp\/v2\/users\/6"}],"replies":[{"embeddable":true,"href":"https:\/\/proagrolab.com.ar\/en\/wp-json\/wp\/v2\/comments?post=200065"}],"version-history":[{"count":1,"href":"https:\/\/proagrolab.com.ar\/en\/wp-json\/wp\/v2\/posts\/200065\/revisions"}],"predecessor-version":[{"id":200066,"href":"https:\/\/proagrolab.com.ar\/en\/wp-json\/wp\/v2\/posts\/200065\/revisions\/200066"}],"wp:featuredmedia":[{"embeddable":true,"href":"https:\/\/proagrolab.com.ar\/en\/wp-json\/wp\/v2\/media\/200084"}],"wp:attachment":[{"href":"https:\/\/proagrolab.com.ar\/en\/wp-json\/wp\/v2\/media?parent=200065"}],"wp:term":[{"taxonomy":"category","embeddable":true,"href":"https:\/\/proagrolab.com.ar\/en\/wp-json\/wp\/v2\/categories?post=200065"},{"taxonomy":"post_tag","embeddable":true,"href":"https:\/\/proagrolab.com.ar\/en\/wp-json\/wp\/v2\/tags?post=200065"}],"curies":[{"name":"wp","href":"https:\/\/api.w.org\/{rel}","templated":true}]}}