{"id":199965,"date":"2023-12-15T14:18:08","date_gmt":"2023-12-15T14:18:08","guid":{"rendered":"https:\/\/proagrolab.com.ar\/?p=199965"},"modified":"2023-12-15T14:18:08","modified_gmt":"2023-12-15T14:18:08","slug":"fantastica-fisiologia-por-que-el-bufalo-es-ideal-para-que-crezca-en-el-subtropico-argentino","status":"publish","type":"post","link":"https:\/\/proagrolab.com.ar\/en\/fantastica-fisiologia-por-que-el-bufalo-es-ideal-para-que-crezca-en-el-subtropico-argentino\/","title":{"rendered":"\u201cFant\u00e1stica fisiolog\u00eda\u201d: por qu\u00e9 el b\u00fafalo es ideal para que crezca en el subtr\u00f3pico argentino"},"content":{"rendered":"<p class=\"qtranxs-available-languages-message qtranxs-available-languages-message-en\"> <\/p><p><\/p>\n<p><strong>El b\u00fafalo dom\u00e9stico, gracias a la fant\u00e1stica fisiolog\u00eda de su aparato digestivo, tritura y degrada la fibra cruda de los pastizales groseros del subtr\u00f3pico argentino<\/strong>, liberando la prote\u00edna contenida en ellos. As\u00ed es como la b\u00fafala equipara una hect\u00e1rea del norte con una hect\u00e1rea e la pampa h\u00fameda, que vale entre cinco y diez m\u00e1s. A su vez, tiene 20% m\u00e1s de pre\u00f1ez, 60% m\u00e1s de ganancia de peso, 18 cr\u00edas por vientre (por su longevidad), 50% menos de gastos de veterinaria y 40% menos de gasto de personal.<\/p>\n<p>Esta mayor rentabilidad es la que\u00a0<strong>hace crecer a la poblaci\u00f3n bubalina un 20% por a\u00f1o<\/strong>, incorporando cada vez m\u00e1s productores a la actividad. Veamos algunos ejemplos.<\/p>\n<p>En el noreste de Santa Fe un productor cr\u00eda b\u00fafalos en la cu\u00f1a boscosa de La Gallareta, cerca de Vera. Los b\u00fafalos est\u00e1n en medias lomas con montes bajos, manchas de arcillas blancas y ca\u00f1adones. En las lomas se hace agricultura. En el 2024 terminar\u00e1n de vender los \u00faltimos rodeos vacunos para comprar m\u00e1s vientres bubalinos. En estos campos dif\u00edciles, con manejo extensivo, en el 2019, tuvieron el 92,31% de pre\u00f1ez.<\/p>\n<p>En el 2020 fue el 81%; en el 2021 fue el 84%; en el 2022 fue el 84%. Son excelentes pre\u00f1eces teniendo en cuenta la severa sequ\u00eda de esos a\u00f1os. Tambi\u00e9n hicieron un control trimestral de la ganancia de peso de bubillas en recr\u00eda. Cuatro controles dieron un promedio de 0,629 kg\/d., con un m\u00ednimo de 0,306 kg\/d y un m\u00e1ximo de 0.853 kg\/d. Esto es excelente dada la baja calidad del campo. Es interesante mencionar el peso al destete de la parici\u00f3n 2023. Siempre en los mismos campos y con manejo extensivo.<\/p>\n<p class=\"com-paragraph   --s\">Se destetaron bucerros machos y hembras de ocho a 12 meses.\u00a0<strong>Los machos pesaron en promedio 287,57 kg\u00a0<\/strong>(m\u00ednimo 220 kg; m\u00e1ximo 320 kg). Las hembras pesaron 274,17 kg promedio (m\u00ednimo 190 kg; m\u00e1ximo 315 kg).<\/p>\n<p class=\"com-paragraph   --s\">Otro caso.\u00a0<strong>En el norte de Corrientes, en Colonia Romero, departamento General Paz, se cr\u00eda b\u00fafalos en un establecimiento grande con lomas arenosas<\/strong>, aunque en su mayor\u00eda son campos bajos tendidos: en un 40% son tendidos con lomitas; y el 60% restante son los tendidos muy inundables, que es donde est\u00e1n los b\u00fafalos. Cuando los due\u00f1os del campo comprobaron que a pesar de los a\u00f1os de sequ\u00eda el b\u00fafalo se mantuvo en buen estado, decidieron incrementar a 1850 vientres.<\/p>\n<p class=\"com-paragraph   --s\">Y este rodeo dio en el 2023 un 82% de pre\u00f1ez: excelente, teniendo en cuenta la sequ\u00eda y el manejo extensivo realizado en potreros muy grandes (1100 Ha o m\u00e1s) con campos dif\u00edciles. Actualmente est\u00e1n en un proceso de intensificaci\u00f3n del sistema productivo. En el 2023 se destetaron 1200 bucerros machos y hembras con 7 a 8 meses de edad, que pesaron de 215 a 280 kg.<\/p>\n<p class=\"com-paragraph   --s\">Hay m\u00e1s ejemplos.<strong>\u00a0En cuatro a\u00f1os, en Ituzaing\u00f3, noreste de Corrientes, surgieron 25 criadores nuevos, todos j\u00f3venes, que poblaron la zona con m\u00e1s de 8000 b\u00fafalos<\/strong>. Y ya llegan a la g\u00f3ndola con cortes envasados al vac\u00edo. En ese per\u00edodo, Misiones duplic\u00f3 su poblaci\u00f3n (de 3000 a 6000 cabezas), al igual que Ca\u00e1 Cat\u00ed, al norte de Corrientes (de 10.000 a 20.000 cabezas). El Chaco m\u00e1s todav\u00eda: aument\u00f3 de 13.000 a 30.000 cabezas. Criadores cordobeses est\u00e1n iniciando proyectos ganaderos bubalinos en campos casi improductivos de Santiago del Estero y de Catamarca.<\/p>\n<h2 class=\"com-title --font-primary --xl --font-extra\">Carne<\/h2>\n<p class=\"com-paragraph   --s\">En diversas partes del pa\u00eds hay emprendimientos\u00a0<strong>de elaboraci\u00f3n y venta de carne bubalina, con marca registrada, que no dan abasto<\/strong>.<\/p>\n<p class=\"com-paragraph   --s\">Es impresionante la demanda que hay. En C\u00f3rdoba ciudad dos criadores se asociaron, elaboran y venden con marca registrada hamburguesas: no cubren la demanda.\u00a0<strong>En Bella Vista (Corrientes) un criador se asoci\u00f3 con un abastecedor, engorda bubillos a campo natural, faena y prepara cortes de valor envasados al vac\u00edo como carne gourmet<\/strong>. La demanda es superior a la oferta. En Ap\u00f3stoles (Misiones) un empresario agroindustrial, que tiene todos los eslabones de la cadena, se volc\u00f3 a los b\u00fafalos hace cinco a\u00f1os (ya tiene 3000 vientres) y vende en la g\u00f3ndola cortes al vac\u00edo con un \u00e9xito total. A tal punto que tiene que suspender la venta por dos d\u00edas por semana para que puedan tener salida los cortes de carne vacuna.<\/p>\n<p class=\"com-paragraph   --s\"><em>El autor es productor criador, docente y escritor<\/em><\/p>\n<div class=\"hidden\">\n<div class=\"row FirmaAutor\">\n<div class=\"col-12\">\n<section class=\"mod-autor\">\n<div class=\"container-text\">\n<div class=\"container-firma\"><a class=\"com-link --autor\" title=\"Ir a notas de Marco A. Zava\" href=\"https:\/\/www.lanacion.com.ar\/autor\/Marco-A-Zava\/\" data-mrf-link=\"https:\/\/www.lanacion.com.ar\/autor\/Marco-A-Zava\/\">Marco A. Zava<\/a><\/div>\n<\/div>\n<\/section>\n<\/div>\n<\/div>\n<\/div>\n<div>\u00a0<\/div>\n<div>Fuente:<a href=\"https:\/\/www.lanacion.com.ar\/economia\/campo\/ganaderia\/por-que-el-bufalo-es-ideal-para-que-crezca-en-el-subtropico-argentino-nid09122023\/\"> https:\/\/www.lanacion.com.ar\/economia\/campo\/ganaderia\/por-que-el-bufalo-es-ideal-para-que-crezca-en-el-subtropico-argentino-nid09122023\/<\/a><\/div>\n<p><\/p>","protected":false},"excerpt":{"rendered":"<p>El b\u00fafalo dom\u00e9stico, gracias a la fant\u00e1stica fisiolog\u00eda de su aparato digestivo, tritura y degrada la fibra cruda de los pastizales groseros del subtr\u00f3pico argentino, liberando la prote\u00edna contenida en ellos. As\u00ed es como la b\u00fafala equipara una hect\u00e1rea del norte con una hect\u00e1rea e la pampa h\u00fameda, que vale entre cinco y diez m\u00e1s. A su vez, tiene 20% m\u00e1s de pre\u00f1ez, 60% m\u00e1s de ganancia de peso, 18 cr\u00edas por vientre (por su longevidad), 50% menos de gastos de veterinaria y 40% menos de gasto de personal. Esta mayor rentabilidad es la que\u00a0hace crecer a la poblaci\u00f3n bubalina un 20% por a\u00f1o, incorporando cada vez m\u00e1s productores a la actividad. Veamos algunos ejemplos. En el noreste de Santa Fe un productor cr\u00eda b\u00fafalos en la cu\u00f1a boscosa de La Gallareta, cerca de Vera. Los b\u00fafalos est\u00e1n en medias lomas con montes bajos, manchas de arcillas blancas y ca\u00f1adones. En las lomas se hace agricultura. En el 2024 terminar\u00e1n de vender los \u00faltimos rodeos vacunos para comprar m\u00e1s vientres bubalinos. En estos campos dif\u00edciles, con manejo extensivo, en el 2019, tuvieron el 92,31% de pre\u00f1ez. En el 2020 fue el 81%; en el 2021 fue el 84%; en el [&hellip;]<\/p>\n","protected":false},"author":6,"featured_media":199986,"comment_status":"open","ping_status":"closed","sticky":false,"template":"","format":"standard","meta":{"_acf_changed":false,"footnotes":""},"categories":[56],"tags":[],"class_list":["post-199965","post","type-post","status-publish","format-standard","has-post-thumbnail","hentry","category-infoganadero"],"acf":[],"yoast_head":"<!-- This site is optimized with the Yoast SEO plugin v27.5 - https:\/\/yoast.com\/product\/yoast-seo-wordpress\/ -->\n<title>\u201cFant\u00e1stica fisiolog\u00eda\u201d: por qu\u00e9 el b\u00fafalo es ideal para que crezca en el subtr\u00f3pico argentino | Proagro<\/title>\n<meta name=\"robots\" content=\"index, follow, max-snippet:-1, max-image-preview:large, max-video-preview:-1\" \/>\n<link rel=\"canonical\" href=\"https:\/\/proagrolab.com.ar\/en\/fantastica-fisiologia-por-que-el-bufalo-es-ideal-para-que-crezca-en-el-subtropico-argentino\/\" \/>\n<meta property=\"og:locale\" content=\"en_US\" \/>\n<meta property=\"og:type\" content=\"article\" \/>\n<meta property=\"og:title\" content=\"\u201cFant\u00e1stica fisiolog\u00eda\u201d: por qu\u00e9 el b\u00fafalo es ideal para que crezca en el subtr\u00f3pico argentino | Proagro\" \/>\n<meta property=\"og:description\" content=\"El b\u00fafalo dom\u00e9stico, gracias a la fant\u00e1stica fisiolog\u00eda de su aparato digestivo, tritura y degrada la fibra cruda de los pastizales groseros del subtr\u00f3pico argentino, liberando la prote\u00edna contenida en ellos. As\u00ed es como la b\u00fafala equipara una hect\u00e1rea del norte con una hect\u00e1rea e la pampa h\u00fameda, que vale entre cinco y diez m\u00e1s. A su vez, tiene 20% m\u00e1s de pre\u00f1ez, 60% m\u00e1s de ganancia de peso, 18 cr\u00edas por vientre (por su longevidad), 50% menos de gastos de veterinaria y 40% menos de gasto de personal. Esta mayor rentabilidad es la que\u00a0hace crecer a la poblaci\u00f3n bubalina un 20% por a\u00f1o, incorporando cada vez m\u00e1s productores a la actividad. Veamos algunos ejemplos. En el noreste de Santa Fe un productor cr\u00eda b\u00fafalos en la cu\u00f1a boscosa de La Gallareta, cerca de Vera. Los b\u00fafalos est\u00e1n en medias lomas con montes bajos, manchas de arcillas blancas y ca\u00f1adones. En las lomas se hace agricultura. En el 2024 terminar\u00e1n de vender los \u00faltimos rodeos vacunos para comprar m\u00e1s vientres bubalinos. En estos campos dif\u00edciles, con manejo extensivo, en el 2019, tuvieron el 92,31% de pre\u00f1ez. En el 2020 fue el 81%; en el 2021 fue el 84%; en el [&hellip;]\" \/>\n<meta property=\"og:url\" content=\"https:\/\/proagrolab.com.ar\/fantastica-fisiologia-por-que-el-bufalo-es-ideal-para-que-crezca-en-el-subtropico-argentino\/\" \/>\n<meta property=\"og:site_name\" content=\"Proagro\" \/>\n<meta property=\"article:publisher\" content=\"http:\/\/www.facebook.com\/proagrolab\" \/>\n<meta property=\"article:published_time\" content=\"2023-12-15T14:18:08+00:00\" \/>\n<meta property=\"og:image\" content=\"https:\/\/proagrolab.com.ar\/wp-content\/uploads\/2023\/12\/3-100.jpg\" \/>\n\t<meta property=\"og:image:width\" content=\"734\" \/>\n\t<meta property=\"og:image:height\" content=\"291\" \/>\n\t<meta property=\"og:image:type\" content=\"image\/jpeg\" \/>\n<meta name=\"author\" content=\"Admin Proagro\" \/>\n<meta name=\"twitter:card\" content=\"summary_large_image\" \/>\n<meta name=\"twitter:label1\" content=\"Written by\" \/>\n\t<meta name=\"twitter:data1\" content=\"Admin Proagro\" \/>\n\t<meta name=\"twitter:label2\" content=\"Est. reading time\" \/>\n\t<meta name=\"twitter:data2\" content=\"4 minutes\" \/>\n<script type=\"application\/ld+json\" class=\"yoast-schema-graph\">{\"@context\":\"https:\\\/\\\/schema.org\",\"@graph\":[{\"@type\":\"Article\",\"@id\":\"https:\\\/\\\/proagrolab.com.ar\\\/fantastica-fisiologia-por-que-el-bufalo-es-ideal-para-que-crezca-en-el-subtropico-argentino\\\/#article\",\"isPartOf\":{\"@id\":\"https:\\\/\\\/proagrolab.com.ar\\\/fantastica-fisiologia-por-que-el-bufalo-es-ideal-para-que-crezca-en-el-subtropico-argentino\\\/\"},\"author\":{\"name\":\"Admin Proagro\",\"@id\":\"https:\\\/\\\/proagrolab.com.ar\\\/#\\\/schema\\\/person\\\/3e30f2f0f9eadcc02d50ed3664562373\"},\"headline\":\"\u201cFant\u00e1stica fisiolog\u00eda\u201d: por qu\u00e9 el b\u00fafalo es ideal para que crezca en el subtr\u00f3pico argentino\",\"datePublished\":\"2023-12-15T14:18:08+00:00\",\"mainEntityOfPage\":{\"@id\":\"https:\\\/\\\/proagrolab.com.ar\\\/fantastica-fisiologia-por-que-el-bufalo-es-ideal-para-que-crezca-en-el-subtropico-argentino\\\/\"},\"wordCount\":771,\"commentCount\":0,\"publisher\":{\"@id\":\"https:\\\/\\\/proagrolab.com.ar\\\/#organization\"},\"image\":{\"@id\":\"https:\\\/\\\/proagrolab.com.ar\\\/fantastica-fisiologia-por-que-el-bufalo-es-ideal-para-que-crezca-en-el-subtropico-argentino\\\/#primaryimage\"},\"thumbnailUrl\":\"https:\\\/\\\/proagrolab.com.ar\\\/wp-content\\\/uploads\\\/2023\\\/12\\\/3-100.jpg\",\"articleSection\":[\"News\"],\"inLanguage\":\"en-US\",\"potentialAction\":[{\"@type\":\"CommentAction\",\"name\":\"Comment\",\"target\":[\"https:\\\/\\\/proagrolab.com.ar\\\/fantastica-fisiologia-por-que-el-bufalo-es-ideal-para-que-crezca-en-el-subtropico-argentino\\\/#respond\"]}]},{\"@type\":\"WebPage\",\"@id\":\"https:\\\/\\\/proagrolab.com.ar\\\/fantastica-fisiologia-por-que-el-bufalo-es-ideal-para-que-crezca-en-el-subtropico-argentino\\\/\",\"url\":\"https:\\\/\\\/proagrolab.com.ar\\\/fantastica-fisiologia-por-que-el-bufalo-es-ideal-para-que-crezca-en-el-subtropico-argentino\\\/\",\"name\":\"\u201cFant\u00e1stica fisiolog\u00eda\u201d: por qu\u00e9 el b\u00fafalo es ideal para que crezca en el subtr\u00f3pico argentino | Proagro\",\"isPartOf\":{\"@id\":\"https:\\\/\\\/proagrolab.com.ar\\\/#website\"},\"primaryImageOfPage\":{\"@id\":\"https:\\\/\\\/proagrolab.com.ar\\\/fantastica-fisiologia-por-que-el-bufalo-es-ideal-para-que-crezca-en-el-subtropico-argentino\\\/#primaryimage\"},\"image\":{\"@id\":\"https:\\\/\\\/proagrolab.com.ar\\\/fantastica-fisiologia-por-que-el-bufalo-es-ideal-para-que-crezca-en-el-subtropico-argentino\\\/#primaryimage\"},\"thumbnailUrl\":\"https:\\\/\\\/proagrolab.com.ar\\\/wp-content\\\/uploads\\\/2023\\\/12\\\/3-100.jpg\",\"datePublished\":\"2023-12-15T14:18:08+00:00\",\"breadcrumb\":{\"@id\":\"https:\\\/\\\/proagrolab.com.ar\\\/fantastica-fisiologia-por-que-el-bufalo-es-ideal-para-que-crezca-en-el-subtropico-argentino\\\/#breadcrumb\"},\"inLanguage\":\"en-US\",\"potentialAction\":[{\"@type\":\"ReadAction\",\"target\":[\"https:\\\/\\\/proagrolab.com.ar\\\/fantastica-fisiologia-por-que-el-bufalo-es-ideal-para-que-crezca-en-el-subtropico-argentino\\\/\"]}]},{\"@type\":\"ImageObject\",\"inLanguage\":\"en-US\",\"@id\":\"https:\\\/\\\/proagrolab.com.ar\\\/fantastica-fisiologia-por-que-el-bufalo-es-ideal-para-que-crezca-en-el-subtropico-argentino\\\/#primaryimage\",\"url\":\"https:\\\/\\\/proagrolab.com.ar\\\/wp-content\\\/uploads\\\/2023\\\/12\\\/3-100.jpg\",\"contentUrl\":\"https:\\\/\\\/proagrolab.com.ar\\\/wp-content\\\/uploads\\\/2023\\\/12\\\/3-100.jpg\",\"width\":734,\"height\":291},{\"@type\":\"BreadcrumbList\",\"@id\":\"https:\\\/\\\/proagrolab.com.ar\\\/fantastica-fisiologia-por-que-el-bufalo-es-ideal-para-que-crezca-en-el-subtropico-argentino\\\/#breadcrumb\",\"itemListElement\":[{\"@type\":\"ListItem\",\"position\":1,\"name\":\"Portada\",\"item\":\"https:\\\/\\\/proagrolab.com.ar\\\/\"},{\"@type\":\"ListItem\",\"position\":2,\"name\":\"\u201cFant\u00e1stica fisiolog\u00eda\u201d: por qu\u00e9 el b\u00fafalo es ideal para que crezca en el subtr\u00f3pico argentino\"}]},{\"@type\":\"WebSite\",\"@id\":\"https:\\\/\\\/proagrolab.com.ar\\\/#website\",\"url\":\"https:\\\/\\\/proagrolab.com.ar\\\/\",\"name\":\"Proagro Laboratorio Veterinario\",\"description\":\"Veterinary laboratory\",\"publisher\":{\"@id\":\"https:\\\/\\\/proagrolab.com.ar\\\/#organization\"},\"potentialAction\":[{\"@type\":\"SearchAction\",\"target\":{\"@type\":\"EntryPoint\",\"urlTemplate\":\"https:\\\/\\\/proagrolab.com.ar\\\/?s={search_term_string}\"},\"query-input\":{\"@type\":\"PropertyValueSpecification\",\"valueRequired\":true,\"valueName\":\"search_term_string\"}}],\"inLanguage\":\"en-US\"},{\"@type\":\"Organization\",\"@id\":\"https:\\\/\\\/proagrolab.com.ar\\\/#organization\",\"name\":\"Proagro\",\"url\":\"https:\\\/\\\/proagrolab.com.ar\\\/\",\"logo\":{\"@type\":\"ImageObject\",\"inLanguage\":\"en-US\",\"@id\":\"https:\\\/\\\/proagrolab.com.ar\\\/#\\\/schema\\\/logo\\\/image\\\/\",\"url\":\"https:\\\/\\\/proagrolab.com.ar\\\/wp-content\\\/uploads\\\/2020\\\/04\\\/logo-retina.png\",\"contentUrl\":\"https:\\\/\\\/proagrolab.com.ar\\\/wp-content\\\/uploads\\\/2020\\\/04\\\/logo-retina.png\",\"width\":478,\"height\":120,\"caption\":\"Proagro\"},\"image\":{\"@id\":\"https:\\\/\\\/proagrolab.com.ar\\\/#\\\/schema\\\/logo\\\/image\\\/\"},\"sameAs\":[\"http:\\\/\\\/www.facebook.com\\\/proagrolab\",\"https:\\\/\\\/www.instagram.com\\\/proagrolab\\\/\",\"https:\\\/\\\/www.linkedin.com\\\/company\\\/laboratorio-proagro-s-a\\\/\"]},{\"@type\":\"Person\",\"@id\":\"https:\\\/\\\/proagrolab.com.ar\\\/#\\\/schema\\\/person\\\/3e30f2f0f9eadcc02d50ed3664562373\",\"name\":\"Admin Proagro\",\"sameAs\":[\"http:\\\/\\\/www.sistemas7g.com\"]}]}<\/script>\n<!-- \/ Yoast SEO plugin. -->","yoast_head_json":{"title":"\u201cFant\u00e1stica fisiolog\u00eda\u201d: por qu\u00e9 el b\u00fafalo es ideal para que crezca en el subtr\u00f3pico argentino | Proagro","robots":{"index":"index","follow":"follow","max-snippet":"max-snippet:-1","max-image-preview":"max-image-preview:large","max-video-preview":"max-video-preview:-1"},"canonical":"https:\/\/proagrolab.com.ar\/en\/fantastica-fisiologia-por-que-el-bufalo-es-ideal-para-que-crezca-en-el-subtropico-argentino\/","og_locale":"en_US","og_type":"article","og_title":"\u201cFant\u00e1stica fisiolog\u00eda\u201d: por qu\u00e9 el b\u00fafalo es ideal para que crezca en el subtr\u00f3pico argentino | Proagro","og_description":"El b\u00fafalo dom\u00e9stico, gracias a la fant\u00e1stica fisiolog\u00eda de su aparato digestivo, tritura y degrada la fibra cruda de los pastizales groseros del subtr\u00f3pico argentino, liberando la prote\u00edna contenida en ellos. As\u00ed es como la b\u00fafala equipara una hect\u00e1rea del norte con una hect\u00e1rea e la pampa h\u00fameda, que vale entre cinco y diez m\u00e1s. A su vez, tiene 20% m\u00e1s de pre\u00f1ez, 60% m\u00e1s de ganancia de peso, 18 cr\u00edas por vientre (por su longevidad), 50% menos de gastos de veterinaria y 40% menos de gasto de personal. Esta mayor rentabilidad es la que\u00a0hace crecer a la poblaci\u00f3n bubalina un 20% por a\u00f1o, incorporando cada vez m\u00e1s productores a la actividad. Veamos algunos ejemplos. En el noreste de Santa Fe un productor cr\u00eda b\u00fafalos en la cu\u00f1a boscosa de La Gallareta, cerca de Vera. Los b\u00fafalos est\u00e1n en medias lomas con montes bajos, manchas de arcillas blancas y ca\u00f1adones. En las lomas se hace agricultura. En el 2024 terminar\u00e1n de vender los \u00faltimos rodeos vacunos para comprar m\u00e1s vientres bubalinos. En estos campos dif\u00edciles, con manejo extensivo, en el 2019, tuvieron el 92,31% de pre\u00f1ez. En el 2020 fue el 81%; en el 2021 fue el 84%; en el [&hellip;]","og_url":"https:\/\/proagrolab.com.ar\/fantastica-fisiologia-por-que-el-bufalo-es-ideal-para-que-crezca-en-el-subtropico-argentino\/","og_site_name":"Proagro","article_publisher":"http:\/\/www.facebook.com\/proagrolab","article_published_time":"2023-12-15T14:18:08+00:00","og_image":[{"width":734,"height":291,"url":"https:\/\/proagrolab.com.ar\/wp-content\/uploads\/2023\/12\/3-100.jpg","type":"image\/jpeg"}],"author":"Admin Proagro","twitter_card":"summary_large_image","twitter_misc":{"Written by":"Admin Proagro","Est. reading time":"4 minutes"},"schema":{"@context":"https:\/\/schema.org","@graph":[{"@type":"Article","@id":"https:\/\/proagrolab.com.ar\/fantastica-fisiologia-por-que-el-bufalo-es-ideal-para-que-crezca-en-el-subtropico-argentino\/#article","isPartOf":{"@id":"https:\/\/proagrolab.com.ar\/fantastica-fisiologia-por-que-el-bufalo-es-ideal-para-que-crezca-en-el-subtropico-argentino\/"},"author":{"name":"Admin Proagro","@id":"https:\/\/proagrolab.com.ar\/#\/schema\/person\/3e30f2f0f9eadcc02d50ed3664562373"},"headline":"\u201cFant\u00e1stica fisiolog\u00eda\u201d: por qu\u00e9 el b\u00fafalo es ideal para que crezca en el subtr\u00f3pico argentino","datePublished":"2023-12-15T14:18:08+00:00","mainEntityOfPage":{"@id":"https:\/\/proagrolab.com.ar\/fantastica-fisiologia-por-que-el-bufalo-es-ideal-para-que-crezca-en-el-subtropico-argentino\/"},"wordCount":771,"commentCount":0,"publisher":{"@id":"https:\/\/proagrolab.com.ar\/#organization"},"image":{"@id":"https:\/\/proagrolab.com.ar\/fantastica-fisiologia-por-que-el-bufalo-es-ideal-para-que-crezca-en-el-subtropico-argentino\/#primaryimage"},"thumbnailUrl":"https:\/\/proagrolab.com.ar\/wp-content\/uploads\/2023\/12\/3-100.jpg","articleSection":["News"],"inLanguage":"en-US","potentialAction":[{"@type":"CommentAction","name":"Comment","target":["https:\/\/proagrolab.com.ar\/fantastica-fisiologia-por-que-el-bufalo-es-ideal-para-que-crezca-en-el-subtropico-argentino\/#respond"]}]},{"@type":"WebPage","@id":"https:\/\/proagrolab.com.ar\/fantastica-fisiologia-por-que-el-bufalo-es-ideal-para-que-crezca-en-el-subtropico-argentino\/","url":"https:\/\/proagrolab.com.ar\/fantastica-fisiologia-por-que-el-bufalo-es-ideal-para-que-crezca-en-el-subtropico-argentino\/","name":"\u201cFant\u00e1stica fisiolog\u00eda\u201d: por qu\u00e9 el b\u00fafalo es ideal para que crezca en el subtr\u00f3pico argentino | Proagro","isPartOf":{"@id":"https:\/\/proagrolab.com.ar\/#website"},"primaryImageOfPage":{"@id":"https:\/\/proagrolab.com.ar\/fantastica-fisiologia-por-que-el-bufalo-es-ideal-para-que-crezca-en-el-subtropico-argentino\/#primaryimage"},"image":{"@id":"https:\/\/proagrolab.com.ar\/fantastica-fisiologia-por-que-el-bufalo-es-ideal-para-que-crezca-en-el-subtropico-argentino\/#primaryimage"},"thumbnailUrl":"https:\/\/proagrolab.com.ar\/wp-content\/uploads\/2023\/12\/3-100.jpg","datePublished":"2023-12-15T14:18:08+00:00","breadcrumb":{"@id":"https:\/\/proagrolab.com.ar\/fantastica-fisiologia-por-que-el-bufalo-es-ideal-para-que-crezca-en-el-subtropico-argentino\/#breadcrumb"},"inLanguage":"en-US","potentialAction":[{"@type":"ReadAction","target":["https:\/\/proagrolab.com.ar\/fantastica-fisiologia-por-que-el-bufalo-es-ideal-para-que-crezca-en-el-subtropico-argentino\/"]}]},{"@type":"ImageObject","inLanguage":"en-US","@id":"https:\/\/proagrolab.com.ar\/fantastica-fisiologia-por-que-el-bufalo-es-ideal-para-que-crezca-en-el-subtropico-argentino\/#primaryimage","url":"https:\/\/proagrolab.com.ar\/wp-content\/uploads\/2023\/12\/3-100.jpg","contentUrl":"https:\/\/proagrolab.com.ar\/wp-content\/uploads\/2023\/12\/3-100.jpg","width":734,"height":291},{"@type":"BreadcrumbList","@id":"https:\/\/proagrolab.com.ar\/fantastica-fisiologia-por-que-el-bufalo-es-ideal-para-que-crezca-en-el-subtropico-argentino\/#breadcrumb","itemListElement":[{"@type":"ListItem","position":1,"name":"Portada","item":"https:\/\/proagrolab.com.ar\/"},{"@type":"ListItem","position":2,"name":"\u201cFant\u00e1stica fisiolog\u00eda\u201d: por qu\u00e9 el b\u00fafalo es ideal para que crezca en el subtr\u00f3pico argentino"}]},{"@type":"WebSite","@id":"https:\/\/proagrolab.com.ar\/#website","url":"https:\/\/proagrolab.com.ar\/","name":"Proagro Laboratorio Veterinario","description":"Veterinary laboratory","publisher":{"@id":"https:\/\/proagrolab.com.ar\/#organization"},"potentialAction":[{"@type":"SearchAction","target":{"@type":"EntryPoint","urlTemplate":"https:\/\/proagrolab.com.ar\/?s={search_term_string}"},"query-input":{"@type":"PropertyValueSpecification","valueRequired":true,"valueName":"search_term_string"}}],"inLanguage":"en-US"},{"@type":"Organization","@id":"https:\/\/proagrolab.com.ar\/#organization","name":"Proagro","url":"https:\/\/proagrolab.com.ar\/","logo":{"@type":"ImageObject","inLanguage":"en-US","@id":"https:\/\/proagrolab.com.ar\/#\/schema\/logo\/image\/","url":"https:\/\/proagrolab.com.ar\/wp-content\/uploads\/2020\/04\/logo-retina.png","contentUrl":"https:\/\/proagrolab.com.ar\/wp-content\/uploads\/2020\/04\/logo-retina.png","width":478,"height":120,"caption":"Proagro"},"image":{"@id":"https:\/\/proagrolab.com.ar\/#\/schema\/logo\/image\/"},"sameAs":["http:\/\/www.facebook.com\/proagrolab","https:\/\/www.instagram.com\/proagrolab\/","https:\/\/www.linkedin.com\/company\/laboratorio-proagro-s-a\/"]},{"@type":"Person","@id":"https:\/\/proagrolab.com.ar\/#\/schema\/person\/3e30f2f0f9eadcc02d50ed3664562373","name":"Admin Proagro","sameAs":["http:\/\/www.sistemas7g.com"]}]}},"_links":{"self":[{"href":"https:\/\/proagrolab.com.ar\/en\/wp-json\/wp\/v2\/posts\/199965","targetHints":{"allow":["GET"]}}],"collection":[{"href":"https:\/\/proagrolab.com.ar\/en\/wp-json\/wp\/v2\/posts"}],"about":[{"href":"https:\/\/proagrolab.com.ar\/en\/wp-json\/wp\/v2\/types\/post"}],"author":[{"embeddable":true,"href":"https:\/\/proagrolab.com.ar\/en\/wp-json\/wp\/v2\/users\/6"}],"replies":[{"embeddable":true,"href":"https:\/\/proagrolab.com.ar\/en\/wp-json\/wp\/v2\/comments?post=199965"}],"version-history":[{"count":1,"href":"https:\/\/proagrolab.com.ar\/en\/wp-json\/wp\/v2\/posts\/199965\/revisions"}],"predecessor-version":[{"id":199966,"href":"https:\/\/proagrolab.com.ar\/en\/wp-json\/wp\/v2\/posts\/199965\/revisions\/199966"}],"wp:featuredmedia":[{"embeddable":true,"href":"https:\/\/proagrolab.com.ar\/en\/wp-json\/wp\/v2\/media\/199986"}],"wp:attachment":[{"href":"https:\/\/proagrolab.com.ar\/en\/wp-json\/wp\/v2\/media?parent=199965"}],"wp:term":[{"taxonomy":"category","embeddable":true,"href":"https:\/\/proagrolab.com.ar\/en\/wp-json\/wp\/v2\/categories?post=199965"},{"taxonomy":"post_tag","embeddable":true,"href":"https:\/\/proagrolab.com.ar\/en\/wp-json\/wp\/v2\/tags?post=199965"}],"curies":[{"name":"wp","href":"https:\/\/api.w.org\/{rel}","templated":true}]}}