{"id":13485,"date":"2023-06-01T09:00:59","date_gmt":"2023-06-01T09:00:59","guid":{"rendered":"https:\/\/proagrolab.com.ar\/?p=13485"},"modified":"2023-06-01T12:24:31","modified_gmt":"2023-06-01T12:24:31","slug":"enfermedad-respiratoria-en-terneros","status":"publish","type":"post","link":"https:\/\/proagrolab.com.ar\/en\/enfermedad-respiratoria-en-terneros\/","title":{"rendered":"Enfermedad Respiratoria en terneros"},"content":{"rendered":"<p>La <strong>Enfermedad Respiratoria<\/strong> en los bovinos j\u00f3venes es responsable de enormes <strong>p\u00e9rdidas econ\u00f3micas<\/strong>. Es dif\u00edcil que sea producida por una sola causa, siempre es multifactorial donde se suman factores de manejo, ambientales, nutricionales e infecciosos.<\/p>\n<p>Afecta principalmente durante las primeras semanas de vida con una tasa de morbilidad y mortalidad muy importante.<\/p>\n<p>Entre los numerosos factores que condicionan la aparici\u00f3n de esta enfermedad se encuentran:<\/p>\n<ul>\n<li>El ternero reci\u00e9n nacido es muy susceptible al ataque de los <strong>agentes microbianos<\/strong>. Su vitalidad depende del estado y edad de la madre y de la velocidad con que es parido.<\/li>\n<li>Ingesti\u00f3n de <strong>calostro<\/strong> dentro de las 5 horas post-parto. El ternero nace sin anticuerpos, por lo tanto depende del ingreso de los anticuerpos ya formados que tiene el calostro de la madre y que lo proteger\u00e1n contra muchos de los agentes infecciosos que encontrar\u00e1 en el medio ambiente.<\/li>\n<li>Es de vital importancia mantener al ternero en un <strong>ambiente de m\u00ednima contaminaci\u00f3n<\/strong> hasta que pueda responder con sus propios anticuerpos, aproximadamente a partir de los dos meses de edad.<\/li>\n<li><strong>Factores estresantes<\/strong>: transportes de un tambo a otro, cambios de dieta, hacinamiento en galpones no preparados para la cr\u00eda que propician los contagios a trav\u00e9s de la respiraci\u00f3n por mala ventilaci\u00f3n y humedad, temperatura del ambiente extremadamente bajas, d\u00edas soleados y templados con gran descenso de temperatura en la noche, pisos h\u00famedos y fr\u00edos, etc.<\/li>\n<li><strong>Calidad y cantidad de leche<\/strong> para su alimento. La leche entera (4 litros por d\u00eda) de su madre satisface plenamente sus necesidades de prote\u00edna, grasa y energ\u00eda. Por razones econ\u00f3micas se usan sustitutos de la leche con variaciones muy grandes en su calidad y mala preparaci\u00f3n.<\/li>\n<li><strong>Carencias nutricionales y parasitosis pulmonares<\/strong> tambi\u00e9n son factores coadyuvantes para su aparici\u00f3n.<\/li>\n<\/ul>\n<p><strong>S\u00edntomas<\/strong><\/p>\n<p>Los terneros comienzan con depresi\u00f3n, inapetencia, fiebre, diarrea leve. Luego aparece una respiraci\u00f3n superficial y r\u00e1pida, tos seca y d\u00e9bil, conjuntivitis y finalmente en fases adelantadas, secreci\u00f3n nasal purulenta. La muerte puede aparecer en pocas horas o dentro de 3 a 5 d\u00edas.<\/p>\n<p><strong>Tratamiento<\/strong><\/p>\n<p>Debido a la multiplicidad de agentes bacterianos y otras causas que desencadenan la enfermedad, el tratamiento con antimicrobianos deber\u00e1 ser acompa\u00f1ado con la mejora de las medidas de manejo y nutrici\u00f3n que sean deficientes y que siempre propician la aparici\u00f3n de esta patolog\u00eda. <a href=\"https:\/\/proagrolab.com.ar\/producto\/tilmicotin-proagro\/\"><strong>Tilmicotin <\/strong><\/a>de <strong>Laboratorio Proagro<\/strong> es un <strong>antibi\u00f3tico inyectable<\/strong>, listo para usar indicado para tratar la <strong>Enfermedad respiratoria bovina, Piet\u00edn y Queratoconjuntivitis Infecciosa.<\/strong><\/p>\n<p>Consult\u00e1 a tu M\u00e9dico Veterinario.<\/p>\n","protected":false},"excerpt":{"rendered":"<p>La Enfermedad Respiratoria en los bovinos j\u00f3venes es responsable de enormes p\u00e9rdidas econ\u00f3micas. Es dif\u00edcil que sea producida por una sola causa, siempre es multifactorial donde se suman factores de manejo, ambientales, nutricionales e infecciosos. Afecta principalmente durante las primeras semanas de vida con una tasa de morbilidad y mortalidad muy importante. Entre los numerosos factores que condicionan la aparici\u00f3n de esta enfermedad se encuentran: El ternero reci\u00e9n nacido es muy susceptible al ataque de los agentes microbianos. Su vitalidad depende del estado y edad de la madre y de la velocidad con que es parido. Ingesti\u00f3n de calostro dentro de las 5 horas post-parto. El ternero nace sin anticuerpos, por lo tanto depende del ingreso de los anticuerpos ya formados que tiene el calostro de la madre y que lo proteger\u00e1n contra muchos de los agentes infecciosos que encontrar\u00e1 en el medio ambiente. Es de vital importancia mantener al ternero en un ambiente de m\u00ednima contaminaci\u00f3n hasta que pueda responder con sus propios anticuerpos, aproximadamente a partir de los dos meses de edad. Factores estresantes: transportes de un tambo a otro, cambios de dieta, hacinamiento en galpones no preparados para la cr\u00eda que propician los contagios a trav\u00e9s de [&hellip;]<\/p>\n","protected":false},"author":6,"featured_media":36403,"comment_status":"closed","ping_status":"open","sticky":false,"template":"","format":"standard","meta":{"_acf_changed":false,"footnotes":""},"categories":[89],"tags":[],"class_list":["post-13485","post","type-post","status-publish","format-standard","has-post-thumbnail","hentry","category-productos"],"acf":[],"yoast_head":"<!-- This site is optimized with the Yoast SEO plugin v27.5 - https:\/\/yoast.com\/product\/yoast-seo-wordpress\/ -->\n<title>Enfermedad Respiratoria en terneros | Proagro<\/title>\n<meta name=\"robots\" content=\"index, follow, max-snippet:-1, max-image-preview:large, max-video-preview:-1\" \/>\n<link rel=\"canonical\" href=\"https:\/\/proagrolab.com.ar\/en\/enfermedad-respiratoria-en-terneros\/\" \/>\n<meta property=\"og:locale\" content=\"en_US\" \/>\n<meta property=\"og:type\" content=\"article\" \/>\n<meta property=\"og:title\" content=\"Enfermedad Respiratoria en terneros | Proagro\" \/>\n<meta property=\"og:description\" content=\"La Enfermedad Respiratoria en los bovinos j\u00f3venes es responsable de enormes p\u00e9rdidas econ\u00f3micas. Es dif\u00edcil que sea producida por una sola causa, siempre es multifactorial donde se suman factores de manejo, ambientales, nutricionales e infecciosos. Afecta principalmente durante las primeras semanas de vida con una tasa de morbilidad y mortalidad muy importante. Entre los numerosos factores que condicionan la aparici\u00f3n de esta enfermedad se encuentran: El ternero reci\u00e9n nacido es muy susceptible al ataque de los agentes microbianos. Su vitalidad depende del estado y edad de la madre y de la velocidad con que es parido. Ingesti\u00f3n de calostro dentro de las 5 horas post-parto. El ternero nace sin anticuerpos, por lo tanto depende del ingreso de los anticuerpos ya formados que tiene el calostro de la madre y que lo proteger\u00e1n contra muchos de los agentes infecciosos que encontrar\u00e1 en el medio ambiente. Es de vital importancia mantener al ternero en un ambiente de m\u00ednima contaminaci\u00f3n hasta que pueda responder con sus propios anticuerpos, aproximadamente a partir de los dos meses de edad. Factores estresantes: transportes de un tambo a otro, cambios de dieta, hacinamiento en galpones no preparados para la cr\u00eda que propician los contagios a trav\u00e9s de [&hellip;]\" \/>\n<meta property=\"og:url\" content=\"https:\/\/proagrolab.com.ar\/enfermedad-respiratoria-en-terneros\/\" \/>\n<meta property=\"og:site_name\" content=\"Proagro\" \/>\n<meta property=\"article:publisher\" content=\"http:\/\/www.facebook.com\/proagrolab\" \/>\n<meta property=\"article:published_time\" content=\"2023-06-01T09:00:59+00:00\" \/>\n<meta property=\"article:modified_time\" content=\"2023-06-01T12:24:31+00:00\" \/>\n<meta property=\"og:image\" content=\"https:\/\/proagrolab.com.ar\/wp-content\/uploads\/2022\/06\/InfoG_1-100.jpg\" \/>\n\t<meta property=\"og:image:width\" content=\"734\" \/>\n\t<meta property=\"og:image:height\" content=\"291\" \/>\n\t<meta property=\"og:image:type\" content=\"image\/jpeg\" \/>\n<meta name=\"author\" content=\"Admin Proagro\" \/>\n<meta name=\"twitter:card\" content=\"summary_large_image\" \/>\n<meta name=\"twitter:label1\" content=\"Written by\" \/>\n\t<meta name=\"twitter:data1\" content=\"Admin Proagro\" \/>\n\t<meta name=\"twitter:label2\" content=\"Est. reading time\" \/>\n\t<meta name=\"twitter:data2\" content=\"2 minutes\" \/>\n<script type=\"application\/ld+json\" class=\"yoast-schema-graph\">{\"@context\":\"https:\\\/\\\/schema.org\",\"@graph\":[{\"@type\":\"Article\",\"@id\":\"https:\\\/\\\/proagrolab.com.ar\\\/enfermedad-respiratoria-en-terneros\\\/#article\",\"isPartOf\":{\"@id\":\"https:\\\/\\\/proagrolab.com.ar\\\/enfermedad-respiratoria-en-terneros\\\/\"},\"author\":{\"name\":\"Admin Proagro\",\"@id\":\"https:\\\/\\\/proagrolab.com.ar\\\/#\\\/schema\\\/person\\\/3e30f2f0f9eadcc02d50ed3664562373\"},\"headline\":\"Enfermedad Respiratoria en terneros\",\"datePublished\":\"2023-06-01T09:00:59+00:00\",\"dateModified\":\"2023-06-01T12:24:31+00:00\",\"mainEntityOfPage\":{\"@id\":\"https:\\\/\\\/proagrolab.com.ar\\\/enfermedad-respiratoria-en-terneros\\\/\"},\"wordCount\":450,\"publisher\":{\"@id\":\"https:\\\/\\\/proagrolab.com.ar\\\/#organization\"},\"image\":{\"@id\":\"https:\\\/\\\/proagrolab.com.ar\\\/enfermedad-respiratoria-en-terneros\\\/#primaryimage\"},\"thumbnailUrl\":\"https:\\\/\\\/proagrolab.com.ar\\\/wp-content\\\/uploads\\\/2022\\\/06\\\/InfoG_1-100.jpg\",\"articleSection\":[\"Products\"],\"inLanguage\":\"en-US\"},{\"@type\":\"WebPage\",\"@id\":\"https:\\\/\\\/proagrolab.com.ar\\\/enfermedad-respiratoria-en-terneros\\\/\",\"url\":\"https:\\\/\\\/proagrolab.com.ar\\\/enfermedad-respiratoria-en-terneros\\\/\",\"name\":\"Enfermedad Respiratoria en terneros | Proagro\",\"isPartOf\":{\"@id\":\"https:\\\/\\\/proagrolab.com.ar\\\/#website\"},\"primaryImageOfPage\":{\"@id\":\"https:\\\/\\\/proagrolab.com.ar\\\/enfermedad-respiratoria-en-terneros\\\/#primaryimage\"},\"image\":{\"@id\":\"https:\\\/\\\/proagrolab.com.ar\\\/enfermedad-respiratoria-en-terneros\\\/#primaryimage\"},\"thumbnailUrl\":\"https:\\\/\\\/proagrolab.com.ar\\\/wp-content\\\/uploads\\\/2022\\\/06\\\/InfoG_1-100.jpg\",\"datePublished\":\"2023-06-01T09:00:59+00:00\",\"dateModified\":\"2023-06-01T12:24:31+00:00\",\"breadcrumb\":{\"@id\":\"https:\\\/\\\/proagrolab.com.ar\\\/enfermedad-respiratoria-en-terneros\\\/#breadcrumb\"},\"inLanguage\":\"en-US\",\"potentialAction\":[{\"@type\":\"ReadAction\",\"target\":[\"https:\\\/\\\/proagrolab.com.ar\\\/enfermedad-respiratoria-en-terneros\\\/\"]}]},{\"@type\":\"ImageObject\",\"inLanguage\":\"en-US\",\"@id\":\"https:\\\/\\\/proagrolab.com.ar\\\/enfermedad-respiratoria-en-terneros\\\/#primaryimage\",\"url\":\"https:\\\/\\\/proagrolab.com.ar\\\/wp-content\\\/uploads\\\/2022\\\/06\\\/InfoG_1-100.jpg\",\"contentUrl\":\"https:\\\/\\\/proagrolab.com.ar\\\/wp-content\\\/uploads\\\/2022\\\/06\\\/InfoG_1-100.jpg\",\"width\":734,\"height\":291},{\"@type\":\"BreadcrumbList\",\"@id\":\"https:\\\/\\\/proagrolab.com.ar\\\/enfermedad-respiratoria-en-terneros\\\/#breadcrumb\",\"itemListElement\":[{\"@type\":\"ListItem\",\"position\":1,\"name\":\"Portada\",\"item\":\"https:\\\/\\\/proagrolab.com.ar\\\/\"},{\"@type\":\"ListItem\",\"position\":2,\"name\":\"\u00bfC\u00f3mo controlar la Enfermedad Respiratoria en terneros?\"}]},{\"@type\":\"WebSite\",\"@id\":\"https:\\\/\\\/proagrolab.com.ar\\\/#website\",\"url\":\"https:\\\/\\\/proagrolab.com.ar\\\/\",\"name\":\"Proagro Laboratorio Veterinario\",\"description\":\"Veterinary laboratory\",\"publisher\":{\"@id\":\"https:\\\/\\\/proagrolab.com.ar\\\/#organization\"},\"potentialAction\":[{\"@type\":\"SearchAction\",\"target\":{\"@type\":\"EntryPoint\",\"urlTemplate\":\"https:\\\/\\\/proagrolab.com.ar\\\/?s={search_term_string}\"},\"query-input\":{\"@type\":\"PropertyValueSpecification\",\"valueRequired\":true,\"valueName\":\"search_term_string\"}}],\"inLanguage\":\"en-US\"},{\"@type\":\"Organization\",\"@id\":\"https:\\\/\\\/proagrolab.com.ar\\\/#organization\",\"name\":\"Proagro\",\"url\":\"https:\\\/\\\/proagrolab.com.ar\\\/\",\"logo\":{\"@type\":\"ImageObject\",\"inLanguage\":\"en-US\",\"@id\":\"https:\\\/\\\/proagrolab.com.ar\\\/#\\\/schema\\\/logo\\\/image\\\/\",\"url\":\"https:\\\/\\\/proagrolab.com.ar\\\/wp-content\\\/uploads\\\/2020\\\/04\\\/logo-retina.png\",\"contentUrl\":\"https:\\\/\\\/proagrolab.com.ar\\\/wp-content\\\/uploads\\\/2020\\\/04\\\/logo-retina.png\",\"width\":478,\"height\":120,\"caption\":\"Proagro\"},\"image\":{\"@id\":\"https:\\\/\\\/proagrolab.com.ar\\\/#\\\/schema\\\/logo\\\/image\\\/\"},\"sameAs\":[\"http:\\\/\\\/www.facebook.com\\\/proagrolab\",\"https:\\\/\\\/www.instagram.com\\\/proagrolab\\\/\",\"https:\\\/\\\/www.linkedin.com\\\/company\\\/laboratorio-proagro-s-a\\\/\"]},{\"@type\":\"Person\",\"@id\":\"https:\\\/\\\/proagrolab.com.ar\\\/#\\\/schema\\\/person\\\/3e30f2f0f9eadcc02d50ed3664562373\",\"name\":\"Admin Proagro\",\"sameAs\":[\"http:\\\/\\\/www.sistemas7g.com\"]}]}<\/script>\n<!-- \/ Yoast SEO plugin. -->","yoast_head_json":{"title":"Enfermedad Respiratoria en terneros | Proagro","robots":{"index":"index","follow":"follow","max-snippet":"max-snippet:-1","max-image-preview":"max-image-preview:large","max-video-preview":"max-video-preview:-1"},"canonical":"https:\/\/proagrolab.com.ar\/en\/enfermedad-respiratoria-en-terneros\/","og_locale":"en_US","og_type":"article","og_title":"Enfermedad Respiratoria en terneros | Proagro","og_description":"La Enfermedad Respiratoria en los bovinos j\u00f3venes es responsable de enormes p\u00e9rdidas econ\u00f3micas. Es dif\u00edcil que sea producida por una sola causa, siempre es multifactorial donde se suman factores de manejo, ambientales, nutricionales e infecciosos. Afecta principalmente durante las primeras semanas de vida con una tasa de morbilidad y mortalidad muy importante. Entre los numerosos factores que condicionan la aparici\u00f3n de esta enfermedad se encuentran: El ternero reci\u00e9n nacido es muy susceptible al ataque de los agentes microbianos. Su vitalidad depende del estado y edad de la madre y de la velocidad con que es parido. Ingesti\u00f3n de calostro dentro de las 5 horas post-parto. El ternero nace sin anticuerpos, por lo tanto depende del ingreso de los anticuerpos ya formados que tiene el calostro de la madre y que lo proteger\u00e1n contra muchos de los agentes infecciosos que encontrar\u00e1 en el medio ambiente. Es de vital importancia mantener al ternero en un ambiente de m\u00ednima contaminaci\u00f3n hasta que pueda responder con sus propios anticuerpos, aproximadamente a partir de los dos meses de edad. Factores estresantes: transportes de un tambo a otro, cambios de dieta, hacinamiento en galpones no preparados para la cr\u00eda que propician los contagios a trav\u00e9s de [&hellip;]","og_url":"https:\/\/proagrolab.com.ar\/enfermedad-respiratoria-en-terneros\/","og_site_name":"Proagro","article_publisher":"http:\/\/www.facebook.com\/proagrolab","article_published_time":"2023-06-01T09:00:59+00:00","article_modified_time":"2023-06-01T12:24:31+00:00","og_image":[{"width":734,"height":291,"url":"https:\/\/proagrolab.com.ar\/wp-content\/uploads\/2022\/06\/InfoG_1-100.jpg","type":"image\/jpeg"}],"author":"Admin Proagro","twitter_card":"summary_large_image","twitter_misc":{"Written by":"Admin Proagro","Est. reading time":"2 minutes"},"schema":{"@context":"https:\/\/schema.org","@graph":[{"@type":"Article","@id":"https:\/\/proagrolab.com.ar\/enfermedad-respiratoria-en-terneros\/#article","isPartOf":{"@id":"https:\/\/proagrolab.com.ar\/enfermedad-respiratoria-en-terneros\/"},"author":{"name":"Admin Proagro","@id":"https:\/\/proagrolab.com.ar\/#\/schema\/person\/3e30f2f0f9eadcc02d50ed3664562373"},"headline":"Enfermedad Respiratoria en terneros","datePublished":"2023-06-01T09:00:59+00:00","dateModified":"2023-06-01T12:24:31+00:00","mainEntityOfPage":{"@id":"https:\/\/proagrolab.com.ar\/enfermedad-respiratoria-en-terneros\/"},"wordCount":450,"publisher":{"@id":"https:\/\/proagrolab.com.ar\/#organization"},"image":{"@id":"https:\/\/proagrolab.com.ar\/enfermedad-respiratoria-en-terneros\/#primaryimage"},"thumbnailUrl":"https:\/\/proagrolab.com.ar\/wp-content\/uploads\/2022\/06\/InfoG_1-100.jpg","articleSection":["Products"],"inLanguage":"en-US"},{"@type":"WebPage","@id":"https:\/\/proagrolab.com.ar\/enfermedad-respiratoria-en-terneros\/","url":"https:\/\/proagrolab.com.ar\/enfermedad-respiratoria-en-terneros\/","name":"Enfermedad Respiratoria en terneros | Proagro","isPartOf":{"@id":"https:\/\/proagrolab.com.ar\/#website"},"primaryImageOfPage":{"@id":"https:\/\/proagrolab.com.ar\/enfermedad-respiratoria-en-terneros\/#primaryimage"},"image":{"@id":"https:\/\/proagrolab.com.ar\/enfermedad-respiratoria-en-terneros\/#primaryimage"},"thumbnailUrl":"https:\/\/proagrolab.com.ar\/wp-content\/uploads\/2022\/06\/InfoG_1-100.jpg","datePublished":"2023-06-01T09:00:59+00:00","dateModified":"2023-06-01T12:24:31+00:00","breadcrumb":{"@id":"https:\/\/proagrolab.com.ar\/enfermedad-respiratoria-en-terneros\/#breadcrumb"},"inLanguage":"en-US","potentialAction":[{"@type":"ReadAction","target":["https:\/\/proagrolab.com.ar\/enfermedad-respiratoria-en-terneros\/"]}]},{"@type":"ImageObject","inLanguage":"en-US","@id":"https:\/\/proagrolab.com.ar\/enfermedad-respiratoria-en-terneros\/#primaryimage","url":"https:\/\/proagrolab.com.ar\/wp-content\/uploads\/2022\/06\/InfoG_1-100.jpg","contentUrl":"https:\/\/proagrolab.com.ar\/wp-content\/uploads\/2022\/06\/InfoG_1-100.jpg","width":734,"height":291},{"@type":"BreadcrumbList","@id":"https:\/\/proagrolab.com.ar\/enfermedad-respiratoria-en-terneros\/#breadcrumb","itemListElement":[{"@type":"ListItem","position":1,"name":"Portada","item":"https:\/\/proagrolab.com.ar\/"},{"@type":"ListItem","position":2,"name":"\u00bfC\u00f3mo controlar la Enfermedad Respiratoria en terneros?"}]},{"@type":"WebSite","@id":"https:\/\/proagrolab.com.ar\/#website","url":"https:\/\/proagrolab.com.ar\/","name":"Proagro Laboratorio Veterinario","description":"Veterinary laboratory","publisher":{"@id":"https:\/\/proagrolab.com.ar\/#organization"},"potentialAction":[{"@type":"SearchAction","target":{"@type":"EntryPoint","urlTemplate":"https:\/\/proagrolab.com.ar\/?s={search_term_string}"},"query-input":{"@type":"PropertyValueSpecification","valueRequired":true,"valueName":"search_term_string"}}],"inLanguage":"en-US"},{"@type":"Organization","@id":"https:\/\/proagrolab.com.ar\/#organization","name":"Proagro","url":"https:\/\/proagrolab.com.ar\/","logo":{"@type":"ImageObject","inLanguage":"en-US","@id":"https:\/\/proagrolab.com.ar\/#\/schema\/logo\/image\/","url":"https:\/\/proagrolab.com.ar\/wp-content\/uploads\/2020\/04\/logo-retina.png","contentUrl":"https:\/\/proagrolab.com.ar\/wp-content\/uploads\/2020\/04\/logo-retina.png","width":478,"height":120,"caption":"Proagro"},"image":{"@id":"https:\/\/proagrolab.com.ar\/#\/schema\/logo\/image\/"},"sameAs":["http:\/\/www.facebook.com\/proagrolab","https:\/\/www.instagram.com\/proagrolab\/","https:\/\/www.linkedin.com\/company\/laboratorio-proagro-s-a\/"]},{"@type":"Person","@id":"https:\/\/proagrolab.com.ar\/#\/schema\/person\/3e30f2f0f9eadcc02d50ed3664562373","name":"Admin Proagro","sameAs":["http:\/\/www.sistemas7g.com"]}]}},"_links":{"self":[{"href":"https:\/\/proagrolab.com.ar\/en\/wp-json\/wp\/v2\/posts\/13485","targetHints":{"allow":["GET"]}}],"collection":[{"href":"https:\/\/proagrolab.com.ar\/en\/wp-json\/wp\/v2\/posts"}],"about":[{"href":"https:\/\/proagrolab.com.ar\/en\/wp-json\/wp\/v2\/types\/post"}],"author":[{"embeddable":true,"href":"https:\/\/proagrolab.com.ar\/en\/wp-json\/wp\/v2\/users\/6"}],"replies":[{"embeddable":true,"href":"https:\/\/proagrolab.com.ar\/en\/wp-json\/wp\/v2\/comments?post=13485"}],"version-history":[{"count":2,"href":"https:\/\/proagrolab.com.ar\/en\/wp-json\/wp\/v2\/posts\/13485\/revisions"}],"predecessor-version":[{"id":38021,"href":"https:\/\/proagrolab.com.ar\/en\/wp-json\/wp\/v2\/posts\/13485\/revisions\/38021"}],"wp:featuredmedia":[{"embeddable":true,"href":"https:\/\/proagrolab.com.ar\/en\/wp-json\/wp\/v2\/media\/36403"}],"wp:attachment":[{"href":"https:\/\/proagrolab.com.ar\/en\/wp-json\/wp\/v2\/media?parent=13485"}],"wp:term":[{"taxonomy":"category","embeddable":true,"href":"https:\/\/proagrolab.com.ar\/en\/wp-json\/wp\/v2\/categories?post=13485"},{"taxonomy":"post_tag","embeddable":true,"href":"https:\/\/proagrolab.com.ar\/en\/wp-json\/wp\/v2\/tags?post=13485"}],"curies":[{"name":"wp","href":"https:\/\/api.w.org\/{rel}","templated":true}]}}